{"id":122682,"date":"2023-09-29T13:43:30","date_gmt":"2023-09-29T16:43:30","guid":{"rendered":"https:\/\/eldiariodesanpedro.com.ar\/sitio\/?p=122682"},"modified":"2023-09-29T13:43:32","modified_gmt":"2023-09-29T16:43:32","slug":"hondo-pesar-el-fallecimiento-del-dr-osvaldo-espinoza","status":"publish","type":"post","link":"https:\/\/eldiariodesanpedro.com.ar\/sitio\/hondo-pesar-el-fallecimiento-del-dr-osvaldo-espinoza\/","title":{"rendered":"Hondo pesar el fallecimiento del Dr. Osvaldo Espinoza"},"content":{"rendered":"<!-- VideographyWP Plugin Message: Automatic video embedding prevented by plugin options. -->\n\n<p>La Secretar\u00eda de Salud de la Municipalidad de San Pedro comunica con hondo pesar el fallecimiento del Dr. Osvaldo Espinoza.<\/p>\n\n\n\n<p>Comenz\u00f3 como m\u00e9dico generalista y se desempe\u00f1\u00f3 en la guardia del Hospital Emilio Ruffa, se especializ\u00f3 en cardiolog\u00eda y actualmente prestaba servicios en el Centro de Salud de R\u00edo Tala y los Hospitales de Santa Luc\u00eda y Gobernador Castro.<\/p>\n\n\n\n<p>Acompa\u00f1amos en este momento a su familia, a su esposa tambi\u00e9n colega de nuestro equipo, a sus amigos, seres queridos y pacientes.<\/p>\n","protected":false},"excerpt":{"rendered":"<p>La Secretar\u00eda de Salud de la Municipalidad de San Pedro comunica con hondo pesar el fallecimiento del Dr. Osvaldo Espinoza. Comenz\u00f3 como m\u00e9dico generalista y se desempe\u00f1\u00f3 en la guardia del Hospital Emilio Ruffa, se especializ\u00f3 en cardiolog\u00eda y actualmente prestaba servicios en el Centro de Salud de R\u00edo Tala y los Hospitales de Santa [&hellip;]<\/p>\n","protected":false},"author":4,"featured_media":122683,"comment_status":"closed","ping_status":"closed","sticky":false,"template":"","format":"standard","meta":{"om_disable_all_campaigns":false,"_jetpack_memberships_contains_paid_content":false,"footnotes":""},"categories":[101,2],"tags":[197,696,33,19],"class_list":["post-122682","post","type-post","status-publish","format-standard","has-post-thumbnail","hentry","category-interes-general-locales","category-locales","tag-buenos-aires","tag-interes-general","tag-locales","tag-san-pedro"],"aioseo_notices":[],"gutentor_comment":0,"jetpack_featured_media_url":"https:\/\/eldiariodesanpedro.com.ar\/sitio\/wp-content\/uploads\/2023\/09\/Imagen-de-WhatsApp-2023-09-29-a-las-08.20.50.jpg","jetpack_shortlink":"https:\/\/wp.me\/p6RhLt-vUK","jetpack_sharing_enabled":true,"_links":{"self":[{"href":"https:\/\/eldiariodesanpedro.com.ar\/sitio\/wp-json\/wp\/v2\/posts\/122682","targetHints":{"allow":["GET"]}}],"collection":[{"href":"https:\/\/eldiariodesanpedro.com.ar\/sitio\/wp-json\/wp\/v2\/posts"}],"about":[{"href":"https:\/\/eldiariodesanpedro.com.ar\/sitio\/wp-json\/wp\/v2\/types\/post"}],"author":[{"embeddable":true,"href":"https:\/\/eldiariodesanpedro.com.ar\/sitio\/wp-json\/wp\/v2\/users\/4"}],"replies":[{"embeddable":true,"href":"https:\/\/eldiariodesanpedro.com.ar\/sitio\/wp-json\/wp\/v2\/comments?post=122682"}],"version-history":[{"count":1,"href":"https:\/\/eldiariodesanpedro.com.ar\/sitio\/wp-json\/wp\/v2\/posts\/122682\/revisions"}],"predecessor-version":[{"id":122684,"href":"https:\/\/eldiariodesanpedro.com.ar\/sitio\/wp-json\/wp\/v2\/posts\/122682\/revisions\/122684"}],"wp:featuredmedia":[{"embeddable":true,"href":"https:\/\/eldiariodesanpedro.com.ar\/sitio\/wp-json\/wp\/v2\/media\/122683"}],"wp:attachment":[{"href":"https:\/\/eldiariodesanpedro.com.ar\/sitio\/wp-json\/wp\/v2\/media?parent=122682"}],"wp:term":[{"taxonomy":"category","embeddable":true,"href":"https:\/\/eldiariodesanpedro.com.ar\/sitio\/wp-json\/wp\/v2\/categories?post=122682"},{"taxonomy":"post_tag","embeddable":true,"href":"https:\/\/eldiariodesanpedro.com.ar\/sitio\/wp-json\/wp\/v2\/tags?post=122682"}],"curies":[{"name":"wp","href":"https:\/\/api.w.org\/{rel}","templated":true}]}}