{"id":122675,"date":"2023-09-29T12:49:38","date_gmt":"2023-09-29T15:49:38","guid":{"rendered":"https:\/\/eldiariodesanpedro.com.ar\/sitio\/?p=122675"},"modified":"2023-09-29T12:49:40","modified_gmt":"2023-09-29T15:49:40","slug":"marcelo-mosteiro-fue-reelecto-como-secretario-general-del-sec","status":"publish","type":"post","link":"https:\/\/eldiariodesanpedro.com.ar\/sitio\/marcelo-mosteiro-fue-reelecto-como-secretario-general-del-sec\/","title":{"rendered":"Marcelo Mosteiro fue reelecto como Secretario General del SEC"},"content":{"rendered":"<!-- VideographyWP Plugin Message: Automatic video embedding prevented by plugin options. -->\n\n<p>El pasado viernes 22 de septiembre se llevaron a cabo en la sede San Pedro del Sindicato de Empleados de Comercio, las elecciones para renovaci\u00f3n de autoridades.<\/p>\n\n\n\n<p>Con una importante concurrencia de afiliadas y afiliados se consagr\u00f3 la \u00fanica lista presentada encabezada por Marcelo Mosteiro para continuar conduciendo al gremio por el pr\u00f3ximo per\u00edodo comprendido entre diciembre de 2023 y diciembre de 2027.<\/p>\n\n\n\n<p>Tras los resultados confirmados se recibi\u00f3 la felicitaci\u00f3n del Secretario General del Movimiento Mercantil del Interior Jos\u00e9 Gonz\u00e1lez y de diferentes referentes del sector.<\/p>\n\n\n\n<p>La Lista Azul y Blanca estaba constituida por Marcelo Mosteiro como Secretario General, Luc\u00eda Mosteiro como Subsecretaria General, Jessica Garc\u00eda como Secretaria de finanzas, Georgina Parera como Secretaria de Actas, Juli\u00e1n D\u00edaz como Secretario de Gremiales y Organizaci\u00f3n, Mario Duzac como Secretario de Acci\u00f3n Social y Fabiana Salvatierra como Secretario de Prensa Difusi\u00f3n y Cultura.<\/p>\n\n\n\n<p>Vocales Titulares: Sof\u00eda Mosteiro, Leandro Mart\u00ednez y Ver\u00f3nica Barrozo. Vocales Suplentes, Carlos Ortiz, Dalila L\u00f3pez y Jos\u00e9 Luis Hern\u00e1ndez. Revisores de Cuentas titulares, Silvina Zunino, Guillermo Robles y Paulo Fern\u00e1ndez. Suplentes, Rub\u00e9n Cabrera, Carlos R\u00edos y Oscar Varela.<\/p>\n\n\n\n<p>Delegados congresales ante la FAECYS, Marcelo Mosteiro y Jessica Garc\u00eda.<\/p>\n\n\n\n<p><strong>Las autoridades del SEC agradecen la participaci\u00f3n de los afiliados y el respaldo para seguir trabajando por el crecimiento del gremio y sus familias.<\/strong><\/p>\n\n\n\n<figure class=\"wp-block-image size-full\"><img decoding=\"async\" width=\"473\" height=\"630\" data-attachment-id=\"122677\" data-permalink=\"https:\/\/eldiariodesanpedro.com.ar\/sitio\/marcelo-mosteiro-fue-reelecto-como-secretario-general-del-sec\/elecciones-sec-3\/\" data-orig-file=\"https:\/\/eldiariodesanpedro.com.ar\/sitio\/wp-content\/uploads\/2023\/09\/elecciones-sec-3.jpeg\" data-orig-size=\"473,630\" data-comments-opened=\"0\" data-image-meta=\"{&quot;aperture&quot;:&quot;0&quot;,&quot;credit&quot;:&quot;&quot;,&quot;camera&quot;:&quot;&quot;,&quot;caption&quot;:&quot;&quot;,&quot;created_timestamp&quot;:&quot;0&quot;,&quot;copyright&quot;:&quot;&quot;,&quot;focal_length&quot;:&quot;0&quot;,&quot;iso&quot;:&quot;0&quot;,&quot;shutter_speed&quot;:&quot;0&quot;,&quot;title&quot;:&quot;&quot;,&quot;orientation&quot;:&quot;0&quot;}\" data-image-title=\"elecciones-sec (3)\" data-image-description=\"\" data-image-caption=\"\" data-large-file=\"https:\/\/eldiariodesanpedro.com.ar\/sitio\/wp-content\/uploads\/2023\/09\/elecciones-sec-3.jpeg\" data-src=\"https:\/\/eldiariodesanpedro.com.ar\/sitio\/wp-content\/uploads\/2023\/09\/elecciones-sec-3.jpeg\" alt=\"\" class=\"wp-image-122677 lazyload\" data-srcset=\"https:\/\/eldiariodesanpedro.com.ar\/sitio\/wp-content\/uploads\/2023\/09\/elecciones-sec-3.jpeg 473w, https:\/\/eldiariodesanpedro.com.ar\/sitio\/wp-content\/uploads\/2023\/09\/elecciones-sec-3-225x300.jpeg 225w\" data-sizes=\"(max-width: 473px) 100vw, 473px\" src=\"data:image\/svg+xml;base64,PHN2ZyB3aWR0aD0iMSIgaGVpZ2h0PSIxIiB4bWxucz0iaHR0cDovL3d3dy53My5vcmcvMjAwMC9zdmciPjwvc3ZnPg==\" style=\"--smush-placeholder-width: 473px; --smush-placeholder-aspect-ratio: 473\/630;\" \/><\/figure>\n\n\n\n<figure class=\"wp-block-image size-full\"><img decoding=\"async\" width=\"504\" height=\"630\" data-attachment-id=\"122676\" data-permalink=\"https:\/\/eldiariodesanpedro.com.ar\/sitio\/marcelo-mosteiro-fue-reelecto-como-secretario-general-del-sec\/elecciones-sec-1\/\" data-orig-file=\"https:\/\/eldiariodesanpedro.com.ar\/sitio\/wp-content\/uploads\/2023\/09\/elecciones-sec-1.jpeg\" data-orig-size=\"504,630\" data-comments-opened=\"0\" data-image-meta=\"{&quot;aperture&quot;:&quot;0&quot;,&quot;credit&quot;:&quot;&quot;,&quot;camera&quot;:&quot;&quot;,&quot;caption&quot;:&quot;&quot;,&quot;created_timestamp&quot;:&quot;0&quot;,&quot;copyright&quot;:&quot;&quot;,&quot;focal_length&quot;:&quot;0&quot;,&quot;iso&quot;:&quot;0&quot;,&quot;shutter_speed&quot;:&quot;0&quot;,&quot;title&quot;:&quot;&quot;,&quot;orientation&quot;:&quot;0&quot;}\" data-image-title=\"elecciones-sec (1)\" data-image-description=\"\" data-image-caption=\"\" data-large-file=\"https:\/\/eldiariodesanpedro.com.ar\/sitio\/wp-content\/uploads\/2023\/09\/elecciones-sec-1.jpeg\" data-src=\"https:\/\/eldiariodesanpedro.com.ar\/sitio\/wp-content\/uploads\/2023\/09\/elecciones-sec-1.jpeg\" alt=\"\" class=\"wp-image-122676 lazyload\" data-srcset=\"https:\/\/eldiariodesanpedro.com.ar\/sitio\/wp-content\/uploads\/2023\/09\/elecciones-sec-1.jpeg 504w, https:\/\/eldiariodesanpedro.com.ar\/sitio\/wp-content\/uploads\/2023\/09\/elecciones-sec-1-240x300.jpeg 240w\" data-sizes=\"(max-width: 504px) 100vw, 504px\" src=\"data:image\/svg+xml;base64,PHN2ZyB3aWR0aD0iMSIgaGVpZ2h0PSIxIiB4bWxucz0iaHR0cDovL3d3dy53My5vcmcvMjAwMC9zdmciPjwvc3ZnPg==\" style=\"--smush-placeholder-width: 504px; --smush-placeholder-aspect-ratio: 504\/630;\" \/><\/figure>\n","protected":false},"excerpt":{"rendered":"<p>El pasado viernes 22 de septiembre se llevaron a cabo en la sede San Pedro del Sindicato de Empleados de Comercio, las elecciones para renovaci\u00f3n de autoridades. Con una importante concurrencia de afiliadas y afiliados se consagr\u00f3 la \u00fanica lista presentada encabezada por Marcelo Mosteiro para continuar conduciendo al gremio por el pr\u00f3ximo per\u00edodo comprendido [&hellip;]<\/p>\n","protected":false},"author":4,"featured_media":122678,"comment_status":"closed","ping_status":"closed","sticky":false,"template":"","format":"standard","meta":{"om_disable_all_campaigns":false,"_jetpack_memberships_contains_paid_content":false,"footnotes":""},"categories":[50,101,2],"tags":[197,696,33,19],"class_list":["post-122675","post","type-post","status-publish","format-standard","has-post-thumbnail","hentry","category-destacadas","category-interes-general-locales","category-locales","tag-buenos-aires","tag-interes-general","tag-locales","tag-san-pedro"],"aioseo_notices":[],"gutentor_comment":0,"jetpack_featured_media_url":"https:\/\/eldiariodesanpedro.com.ar\/sitio\/wp-content\/uploads\/2023\/09\/elecciones-sec-7.jpeg","jetpack_shortlink":"https:\/\/wp.me\/p6RhLt-vUD","jetpack_sharing_enabled":true,"_links":{"self":[{"href":"https:\/\/eldiariodesanpedro.com.ar\/sitio\/wp-json\/wp\/v2\/posts\/122675","targetHints":{"allow":["GET"]}}],"collection":[{"href":"https:\/\/eldiariodesanpedro.com.ar\/sitio\/wp-json\/wp\/v2\/posts"}],"about":[{"href":"https:\/\/eldiariodesanpedro.com.ar\/sitio\/wp-json\/wp\/v2\/types\/post"}],"author":[{"embeddable":true,"href":"https:\/\/eldiariodesanpedro.com.ar\/sitio\/wp-json\/wp\/v2\/users\/4"}],"replies":[{"embeddable":true,"href":"https:\/\/eldiariodesanpedro.com.ar\/sitio\/wp-json\/wp\/v2\/comments?post=122675"}],"version-history":[{"count":1,"href":"https:\/\/eldiariodesanpedro.com.ar\/sitio\/wp-json\/wp\/v2\/posts\/122675\/revisions"}],"predecessor-version":[{"id":122679,"href":"https:\/\/eldiariodesanpedro.com.ar\/sitio\/wp-json\/wp\/v2\/posts\/122675\/revisions\/122679"}],"wp:featuredmedia":[{"embeddable":true,"href":"https:\/\/eldiariodesanpedro.com.ar\/sitio\/wp-json\/wp\/v2\/media\/122678"}],"wp:attachment":[{"href":"https:\/\/eldiariodesanpedro.com.ar\/sitio\/wp-json\/wp\/v2\/media?parent=122675"}],"wp:term":[{"taxonomy":"category","embeddable":true,"href":"https:\/\/eldiariodesanpedro.com.ar\/sitio\/wp-json\/wp\/v2\/categories?post=122675"},{"taxonomy":"post_tag","embeddable":true,"href":"https:\/\/eldiariodesanpedro.com.ar\/sitio\/wp-json\/wp\/v2\/tags?post=122675"}],"curies":[{"name":"wp","href":"https:\/\/api.w.org\/{rel}","templated":true}]}}