{"id":122672,"date":"2023-09-29T12:33:51","date_gmt":"2023-09-29T15:33:51","guid":{"rendered":"https:\/\/eldiariodesanpedro.com.ar\/sitio\/?p=122672"},"modified":"2023-09-29T12:33:53","modified_gmt":"2023-09-29T15:33:53","slug":"la-camara-de-martilleros-recibio-a-los-creadores-del-plan-estrategico-san-pedro-2050-y-al-secretario-de-desarrollo-economico-alfredo-carrasco","status":"publish","type":"post","link":"https:\/\/eldiariodesanpedro.com.ar\/sitio\/la-camara-de-martilleros-recibio-a-los-creadores-del-plan-estrategico-san-pedro-2050-y-al-secretario-de-desarrollo-economico-alfredo-carrasco\/","title":{"rendered":"La C\u00e1mara de Martilleros recibi\u00f3 a los creadores del Plan Estrat\u00e9gico San Pedro 2050 y al Secretario de Desarrollo Econ\u00f3mico Alfredo Carrasco"},"content":{"rendered":"<!-- VideographyWP Plugin Message: Automatic video embedding prevented by plugin options. -->\n\n<p>La C\u00e1mara de Martilleros y Corredores P\u00fablicos de San Pedro, fue invitada a participar de una reuni\u00f3n para recibir informaci\u00f3n directa sobre el Plan Estrat\u00e9gico San Pedro 2050 que fue presentado por la Municipalidad de San Pedro.<\/p>\n\n\n\n<p>Luego del lanzamiento realizado este mi\u00e9rcoles en el MEC La Palma en el que tambi\u00e9n estuvimos presentes, los integrantes de la C\u00e1mara recibimos este jueves a los profesionales que desarrollaron este plan para explicar los aspectos urban\u00edsticos de la idea.<\/p>\n\n\n\n<p>En el sal\u00f3n de reuniones de \u00abMercado del R\u00edo\u00bb un grupo de integrantes de nuestra entidad detall\u00f3 a los representantes de la consultora \u00abURBANTEO\u00bb a quienes acompa\u00f1\u00f3 el Secretario de Desarrollo Econ\u00f3mico de la Municipalidad Alfredo Carrasco, todas las acciones llevadas adelante en los \u00faltimos a\u00f1os en l\u00ednea con uno de los ejes principales de este Plan.<\/p>\n\n\n\n<p>Es muy importante a partir de esta iniciativa, poner en pr\u00e1ctica un abordaje profesional para acompa\u00f1ar un desarrollo de mediano y largo plazo donde las opiniones especializadas de quienes conocen el territorio, sean tenidas en cuenta.<\/p>\n\n\n\n<p>Manifestamos nuestra disposici\u00f3n total para colaborar y participar activamente en este proceso, y extendemos esta invitaci\u00f3n a todos los actores involucrados, desde la ciudadan\u00eda hasta los empresarios, pol\u00edticos y entidades en general.<\/p>\n\n\n\n<p>Creemos firmemente en la importancia de desarrollar un s\u00f3lido \u00abm\u00e1ster plan\u00bb de desarrollo estrat\u00e9gico y entendemos que este esfuerzo debe ser una pol\u00edtica de estado respaldada por toda la comunidad. &nbsp;<\/p>\n\n\n\n<p>Durante la reuni\u00f3n, se abordaron temas cruciales relacionados con la infraestructura y los desaf\u00edos presupuestarios y de tiempo asociados a proyectos de redes el\u00e9ctricas.&nbsp; En el encuentro reiteramos la necesidad de que como resultado de esta colaboraci\u00f3n, se activen los mecanismos pertinentes desde &nbsp;el ejecutivo municipal y las entidades pertinentes para superar estas problem\u00e1ticas.<\/p>\n\n\n\n<p>Las discusiones en la reuni\u00f3n tambi\u00e9n se centraron en \u00e1reas urbanas, zonas tur\u00edsticas y zonas industriales. La C\u00e1mara aport\u00f3 su punto de vista y contribuy\u00f3 con ideas para el desarrollo futuro, teniendo en cuenta la situaci\u00f3n actual de infraestructura y zonificaci\u00f3n.<\/p>\n\n\n\n<p>Esta participaci\u00f3n activa y constructiva demuestra nuestro compromiso con el desarrollo sostenible de San Pedro y nuestra firme convicci\u00f3n de que, juntos, podemos lograr un futuro pr\u00f3spero para nuestra comunidad<\/p>\n","protected":false},"excerpt":{"rendered":"<p>La C\u00e1mara de Martilleros y Corredores P\u00fablicos de San Pedro, fue invitada a participar de una reuni\u00f3n para recibir informaci\u00f3n directa sobre el Plan Estrat\u00e9gico San Pedro 2050 que fue presentado por la Municipalidad de San Pedro. Luego del lanzamiento realizado este mi\u00e9rcoles en el MEC La Palma en el que tambi\u00e9n estuvimos presentes, los [&hellip;]<\/p>\n","protected":false},"author":4,"featured_media":122673,"comment_status":"closed","ping_status":"closed","sticky":false,"template":"","format":"standard","meta":{"om_disable_all_campaigns":false,"_jetpack_memberships_contains_paid_content":false,"footnotes":""},"categories":[50,101,2],"tags":[197,696,33,19],"class_list":["post-122672","post","type-post","status-publish","format-standard","has-post-thumbnail","hentry","category-destacadas","category-interes-general-locales","category-locales","tag-buenos-aires","tag-interes-general","tag-locales","tag-san-pedro"],"aioseo_notices":[],"gutentor_comment":0,"jetpack_featured_media_url":"https:\/\/eldiariodesanpedro.com.ar\/sitio\/wp-content\/uploads\/2023\/09\/MARTILLEROS-PLAN2050.jpeg","jetpack_shortlink":"https:\/\/wp.me\/p6RhLt-vUA","jetpack_sharing_enabled":true,"_links":{"self":[{"href":"https:\/\/eldiariodesanpedro.com.ar\/sitio\/wp-json\/wp\/v2\/posts\/122672","targetHints":{"allow":["GET"]}}],"collection":[{"href":"https:\/\/eldiariodesanpedro.com.ar\/sitio\/wp-json\/wp\/v2\/posts"}],"about":[{"href":"https:\/\/eldiariodesanpedro.com.ar\/sitio\/wp-json\/wp\/v2\/types\/post"}],"author":[{"embeddable":true,"href":"https:\/\/eldiariodesanpedro.com.ar\/sitio\/wp-json\/wp\/v2\/users\/4"}],"replies":[{"embeddable":true,"href":"https:\/\/eldiariodesanpedro.com.ar\/sitio\/wp-json\/wp\/v2\/comments?post=122672"}],"version-history":[{"count":1,"href":"https:\/\/eldiariodesanpedro.com.ar\/sitio\/wp-json\/wp\/v2\/posts\/122672\/revisions"}],"predecessor-version":[{"id":122674,"href":"https:\/\/eldiariodesanpedro.com.ar\/sitio\/wp-json\/wp\/v2\/posts\/122672\/revisions\/122674"}],"wp:featuredmedia":[{"embeddable":true,"href":"https:\/\/eldiariodesanpedro.com.ar\/sitio\/wp-json\/wp\/v2\/media\/122673"}],"wp:attachment":[{"href":"https:\/\/eldiariodesanpedro.com.ar\/sitio\/wp-json\/wp\/v2\/media?parent=122672"}],"wp:term":[{"taxonomy":"category","embeddable":true,"href":"https:\/\/eldiariodesanpedro.com.ar\/sitio\/wp-json\/wp\/v2\/categories?post=122672"},{"taxonomy":"post_tag","embeddable":true,"href":"https:\/\/eldiariodesanpedro.com.ar\/sitio\/wp-json\/wp\/v2\/tags?post=122672"}],"curies":[{"name":"wp","href":"https:\/\/api.w.org\/{rel}","templated":true}]}}