{"id":12267,"date":"2017-01-04T20:14:42","date_gmt":"2017-01-04T23:14:42","guid":{"rendered":"https:\/\/eldiariodesanpedro.com.ar\/sitio\/?p=12267"},"modified":"2017-01-04T20:14:42","modified_gmt":"2017-01-04T23:14:42","slug":"baradero-presentaron-el-proyecto-de-habitat-que-contempla-el-mejoramiento-integral-del-barrio-bernabe","status":"publish","type":"post","link":"https:\/\/eldiariodesanpedro.com.ar\/sitio\/baradero-presentaron-el-proyecto-de-habitat-que-contempla-el-mejoramiento-integral-del-barrio-bernabe\/","title":{"rendered":"BARADERO: Presentaron el proyecto de h\u00e1bitat que contempla el mejoramiento integral del barrio Bernab\u00e9"},"content":{"rendered":"<p><!-- VideographyWP Plugin Message: Automatic video embedding prevented by plugin options. --><br \/>\nLa intendenta municipal Fernanda Antonijevic a trav\u00e9s del Ministerio del Interior, Obras P\u00fablicas y Vivienda de la Presidencia de la Naci\u00f3n concret\u00f3 la presentaci\u00f3n del proyecto de h\u00e1bitat del mejoramiento integral del barrio Bernab\u00e9 con la presencia de los vecinos.<\/p>\n<p>Estuvo presente el secretario de gobierno, Mart\u00edn Genoud, la directora de Acci\u00f3n Social, Evangelina Lucero, el secretario de Servicios P\u00fablicos, Sebasti\u00e1n Misenti, el director de Gesti\u00f3n Ambiental, Ezequiel Gonz\u00e1lez, el asesor letrado, Gabriel Descalzo y el director de Cultura, Julio \u00c1vila.<\/p>\n<p>Las obras traer\u00e1n importantes mejoras sobre 45 manzanas de la ciudad, que se integrar\u00e1n definitivamente al radio c\u00e9ntrico con pavimento, finalizaci\u00f3n de cord\u00f3n cuneta, agua, cloacas en las manzanas, nuevo alumbrado p\u00fablico de calidad, nuevo sistema de recolecci\u00f3n de residuos, arbolado, garita de colectivo.<\/p>\n<p>Creaci\u00f3n de dos plazas nuevas sobre calle Malabia, la refacci\u00f3n completa de la Plaza de los Intendentes, entre otras mejoras (Baradero Te Informa).<\/p>\n","protected":false},"excerpt":{"rendered":"<p>La intendenta municipal Fernanda Antonijevic a trav\u00e9s del Ministerio del Interior, Obras P\u00fablicas y Vivienda de la Presidencia de la Naci\u00f3n concret\u00f3 la presentaci\u00f3n del proyecto de h\u00e1bitat del mejoramiento integral del barrio Bernab\u00e9 con la presencia de los vecinos. Estuvo presente el secretario de gobierno, Mart\u00edn Genoud, la directora de Acci\u00f3n Social, Evangelina Lucero, [&hellip;]<\/p>\n","protected":false},"author":4,"featured_media":12268,"comment_status":"open","ping_status":"closed","sticky":false,"template":"","format":"standard","meta":{"om_disable_all_campaigns":false,"_jetpack_memberships_contains_paid_content":false,"footnotes":""},"categories":[621],"tags":[],"class_list":["post-12267","post","type-post","status-publish","format-standard","has-post-thumbnail","hentry","category-regionales"],"aioseo_notices":[],"gutentor_comment":0,"jetpack_featured_media_url":"https:\/\/eldiariodesanpedro.com.ar\/sitio\/wp-content\/uploads\/2017\/01\/La-intendenta-Fernanda-Antonijevic-present\u00f3-el-plan-ante-los-vecinos.jpeg","jetpack_shortlink":"https:\/\/wp.me\/p6RhLt-3bR","jetpack_sharing_enabled":true,"_links":{"self":[{"href":"https:\/\/eldiariodesanpedro.com.ar\/sitio\/wp-json\/wp\/v2\/posts\/12267","targetHints":{"allow":["GET"]}}],"collection":[{"href":"https:\/\/eldiariodesanpedro.com.ar\/sitio\/wp-json\/wp\/v2\/posts"}],"about":[{"href":"https:\/\/eldiariodesanpedro.com.ar\/sitio\/wp-json\/wp\/v2\/types\/post"}],"author":[{"embeddable":true,"href":"https:\/\/eldiariodesanpedro.com.ar\/sitio\/wp-json\/wp\/v2\/users\/4"}],"replies":[{"embeddable":true,"href":"https:\/\/eldiariodesanpedro.com.ar\/sitio\/wp-json\/wp\/v2\/comments?post=12267"}],"version-history":[{"count":2,"href":"https:\/\/eldiariodesanpedro.com.ar\/sitio\/wp-json\/wp\/v2\/posts\/12267\/revisions"}],"predecessor-version":[{"id":12270,"href":"https:\/\/eldiariodesanpedro.com.ar\/sitio\/wp-json\/wp\/v2\/posts\/12267\/revisions\/12270"}],"wp:featuredmedia":[{"embeddable":true,"href":"https:\/\/eldiariodesanpedro.com.ar\/sitio\/wp-json\/wp\/v2\/media\/12268"}],"wp:attachment":[{"href":"https:\/\/eldiariodesanpedro.com.ar\/sitio\/wp-json\/wp\/v2\/media?parent=12267"}],"wp:term":[{"taxonomy":"category","embeddable":true,"href":"https:\/\/eldiariodesanpedro.com.ar\/sitio\/wp-json\/wp\/v2\/categories?post=12267"},{"taxonomy":"post_tag","embeddable":true,"href":"https:\/\/eldiariodesanpedro.com.ar\/sitio\/wp-json\/wp\/v2\/tags?post=12267"}],"curies":[{"name":"wp","href":"https:\/\/api.w.org\/{rel}","templated":true}]}}