{"id":122659,"date":"2023-09-28T21:53:49","date_gmt":"2023-09-29T00:53:49","guid":{"rendered":"https:\/\/eldiariodesanpedro.com.ar\/sitio\/?p=122659"},"modified":"2023-09-28T21:53:50","modified_gmt":"2023-09-29T00:53:50","slug":"dos-mujeres-detenidas-por-venta-de-drogas-al-menudeo","status":"publish","type":"post","link":"https:\/\/eldiariodesanpedro.com.ar\/sitio\/dos-mujeres-detenidas-por-venta-de-drogas-al-menudeo\/","title":{"rendered":"Dos mujeres detenidas por venta de drogas al menudeo"},"content":{"rendered":"<!-- VideographyWP Plugin Message: Automatic video embedding prevented by plugin options. -->\n\n<p>Una investigaci\u00f3n relacionada con el narcomenudeo que comenz\u00f3 en noviembre de 2022 culmin\u00f3 con una serie de operativos simult\u00e1neos llevados a cabo este mi\u00e9rcoles en varios puntos de la ciudad. Agentes de la Delegaci\u00f3n Departamental de Investigaciones del Tr\u00e1fico de Drogas Il\u00edcitas llevaron a cabo los procedimientos bajo la autorizaci\u00f3n de la Justicia, como parte de la causa que est\u00e1 siendo procesada en la Fiscal\u00eda a cargo de la Dra. Mar\u00eda Ver\u00f3nica Marcantonio, quien lidera la Unidad Coordinadora de Estupefacientes del Ministerio P\u00fablico Fiscal de San Nicol\u00e1s.<\/p>\n\n\n\n<p>Durante estas diligencias se logr\u00f3 el decomiso de cantidades significativas de sustancias estupefacientes y la detenci\u00f3n de dos individuos. La investigaci\u00f3n se origin\u00f3 a partir de un informe policial que alertaba sobre la venta de sustancias estupefacientes en cuatro domicilios de la ciudad, donde los residentes utilizaban la modalidad conocida como \u00abpasamanos\u00bb. En respuesta, la Fiscal\u00eda implement\u00f3 diversas medidas, incluyendo seguimientos y vigilancias est\u00e1ticas y m\u00f3viles.<\/p>\n\n\n\n<p>El Juzgado de Garant\u00edas 1, presidido por el Dr. Rom\u00e1n Parodi, orden\u00f3 cuatro allanamientos en las siguientes ubicaciones: Balcarce al 1500, Pedro Cabrera al 2200, Miguel Porta al 1900 y Vapor Nacional Correo poste 9 (Bajo Cementerio). Durante estos operativos, se detuvieron a dos mujeres mayores de edad, mientras que los agentes incautaron sustancias estupefacientes, tel\u00e9fonos celulares, dinero en efectivo y otros elementos de inter\u00e9s para la investigaci\u00f3n.<\/p>\n\n\n\n<p>Las mujeres detenidas enfrentan cargos formulados por la Dra. Marcantonio por los delitos de \u00abTenencia de estupefacientes con fines de comercializaci\u00f3n y comercializaci\u00f3n propiamente dicha\u00bb, conforme al art\u00edculo 5\u00ba inciso \u201cC\u201d de la Ley 23.737.<\/p>\n","protected":false},"excerpt":{"rendered":"<p>Una investigaci\u00f3n relacionada con el narcomenudeo que comenz\u00f3 en noviembre de 2022 culmin\u00f3 con una serie de operativos simult\u00e1neos llevados a cabo este mi\u00e9rcoles en varios puntos de la ciudad. Agentes de la Delegaci\u00f3n Departamental de Investigaciones del Tr\u00e1fico de Drogas Il\u00edcitas llevaron a cabo los procedimientos bajo la autorizaci\u00f3n de la Justicia, como parte [&hellip;]<\/p>\n","protected":false},"author":4,"featured_media":122660,"comment_status":"closed","ping_status":"closed","sticky":false,"template":"","format":"standard","meta":{"om_disable_all_campaigns":false,"_jetpack_memberships_contains_paid_content":false,"footnotes":""},"categories":[50,2,103],"tags":[197,696,33,19],"class_list":["post-122659","post","type-post","status-publish","format-standard","has-post-thumbnail","hentry","category-destacadas","category-locales","category-policiales-locales","tag-buenos-aires","tag-interes-general","tag-locales","tag-san-pedro"],"aioseo_notices":[],"gutentor_comment":0,"jetpack_featured_media_url":"https:\/\/eldiariodesanpedro.com.ar\/sitio\/wp-content\/uploads\/2023\/09\/WhatsApp-Image-2023-09-28-at-10.33.57.jpeg","jetpack_shortlink":"https:\/\/wp.me\/p6RhLt-vUn","jetpack_sharing_enabled":true,"_links":{"self":[{"href":"https:\/\/eldiariodesanpedro.com.ar\/sitio\/wp-json\/wp\/v2\/posts\/122659","targetHints":{"allow":["GET"]}}],"collection":[{"href":"https:\/\/eldiariodesanpedro.com.ar\/sitio\/wp-json\/wp\/v2\/posts"}],"about":[{"href":"https:\/\/eldiariodesanpedro.com.ar\/sitio\/wp-json\/wp\/v2\/types\/post"}],"author":[{"embeddable":true,"href":"https:\/\/eldiariodesanpedro.com.ar\/sitio\/wp-json\/wp\/v2\/users\/4"}],"replies":[{"embeddable":true,"href":"https:\/\/eldiariodesanpedro.com.ar\/sitio\/wp-json\/wp\/v2\/comments?post=122659"}],"version-history":[{"count":1,"href":"https:\/\/eldiariodesanpedro.com.ar\/sitio\/wp-json\/wp\/v2\/posts\/122659\/revisions"}],"predecessor-version":[{"id":122661,"href":"https:\/\/eldiariodesanpedro.com.ar\/sitio\/wp-json\/wp\/v2\/posts\/122659\/revisions\/122661"}],"wp:featuredmedia":[{"embeddable":true,"href":"https:\/\/eldiariodesanpedro.com.ar\/sitio\/wp-json\/wp\/v2\/media\/122660"}],"wp:attachment":[{"href":"https:\/\/eldiariodesanpedro.com.ar\/sitio\/wp-json\/wp\/v2\/media?parent=122659"}],"wp:term":[{"taxonomy":"category","embeddable":true,"href":"https:\/\/eldiariodesanpedro.com.ar\/sitio\/wp-json\/wp\/v2\/categories?post=122659"},{"taxonomy":"post_tag","embeddable":true,"href":"https:\/\/eldiariodesanpedro.com.ar\/sitio\/wp-json\/wp\/v2\/tags?post=122659"}],"curies":[{"name":"wp","href":"https:\/\/api.w.org\/{rel}","templated":true}]}}