{"id":122650,"date":"2023-09-28T20:55:28","date_gmt":"2023-09-28T23:55:28","guid":{"rendered":"https:\/\/eldiariodesanpedro.com.ar\/sitio\/?p=122650"},"modified":"2023-09-28T20:55:31","modified_gmt":"2023-09-28T23:55:31","slug":"nestor-grindetti-encabezo-una-reunion-con-vecinos-y-seguidores-en-bar-centrico","status":"publish","type":"post","link":"https:\/\/eldiariodesanpedro.com.ar\/sitio\/nestor-grindetti-encabezo-una-reunion-con-vecinos-y-seguidores-en-bar-centrico\/","title":{"rendered":"N\u00e9stor Grindetti encabez\u00f3 una reuni\u00f3n con vecinos y seguidores en bar centrico"},"content":{"rendered":"<!-- VideographyWP Plugin Message: Automatic video embedding prevented by plugin options. -->\n\n<p>N\u00e9stor Grindetti, el candidato de Juntos por el Cambio a la Gobernaci\u00f3n de la provincia de Buenos Aires, lider\u00f3 una reuni\u00f3n con residentes y partidarios en el Bar Butti. Durante el evento, Grindetti, ex Intendente de Lan\u00fas, tambi\u00e9n ofreci\u00f3 una conferencia de prensa para los medios locales. Acompa\u00f1\u00e1ndolo estaban Ariel Rey, candidato a la Intendencia, y los candidatos a concejales Mart\u00edn Rivas, Paola Basso y Diego Lafalce, as\u00ed como los ex precandidatos Juan Almada y Mauro Rasio.<\/p>\n\n\n\n<p>Grindetti enfatiz\u00f3 la descentralizaci\u00f3n de pol\u00edticas p\u00fablicas hacia los Intendentes y expres\u00f3 su inter\u00e9s en escuchar y comprender las necesidades de cada distrito. Se comprometi\u00f3 a abordar los problemas que se le planteen de manera efectiva.<\/p>\n\n\n\n<p>El l\u00edder pol\u00edtico propuso un enfoque de \u00abestado eficiente\u00bb, evitando extremos de tama\u00f1o y regulaci\u00f3n. Cit\u00f3 su experiencia en Lan\u00fas como ejemplo, destacando la eficiencia en la gesti\u00f3n p\u00fablica, la implementaci\u00f3n de tr\u00e1mites electr\u00f3nicos, la cercan\u00eda con la comunidad, el desarrollo de infraestructura p\u00fablica y la creaci\u00f3n de colegios municipales biling\u00fces de doble escolaridad. Grindetti subray\u00f3 su intenci\u00f3n de promover un ambiente propicio para el crecimiento de las peque\u00f1as y medianas empresas, con menos regulaciones, lo que, en su opini\u00f3n, contribuir\u00eda a generar empleo y mejorar la situaci\u00f3n econ\u00f3mica.<\/p>\n\n\n\n<figure class=\"wp-block-image size-large\"><img decoding=\"async\" width=\"1024\" height=\"576\" data-attachment-id=\"122654\" data-permalink=\"https:\/\/eldiariodesanpedro.com.ar\/sitio\/nestor-grindetti-encabezo-una-reunion-con-vecinos-y-seguidores-en-bar-centrico\/imagen-de-whatsapp-2023-09-28-a-las-20-49-44\/\" data-orig-file=\"https:\/\/eldiariodesanpedro.com.ar\/sitio\/wp-content\/uploads\/2023\/09\/Imagen-de-WhatsApp-2023-09-28-a-las-20.49.44.jpg\" data-orig-size=\"1120,630\" data-comments-opened=\"0\" data-image-meta=\"{&quot;aperture&quot;:&quot;0&quot;,&quot;credit&quot;:&quot;&quot;,&quot;camera&quot;:&quot;&quot;,&quot;caption&quot;:&quot;&quot;,&quot;created_timestamp&quot;:&quot;0&quot;,&quot;copyright&quot;:&quot;&quot;,&quot;focal_length&quot;:&quot;0&quot;,&quot;iso&quot;:&quot;0&quot;,&quot;shutter_speed&quot;:&quot;0&quot;,&quot;title&quot;:&quot;&quot;,&quot;orientation&quot;:&quot;0&quot;}\" data-image-title=\"Imagen de WhatsApp 2023-09-28 a las 20.49.44\" data-image-description=\"\" data-image-caption=\"\" data-large-file=\"https:\/\/eldiariodesanpedro.com.ar\/sitio\/wp-content\/uploads\/2023\/09\/Imagen-de-WhatsApp-2023-09-28-a-las-20.49.44-1024x576.jpg\" data-src=\"https:\/\/eldiariodesanpedro.com.ar\/sitio\/wp-content\/uploads\/2023\/09\/Imagen-de-WhatsApp-2023-09-28-a-las-20.49.44-1024x576.jpg\" alt=\"\" class=\"wp-image-122654 lazyload\" data-srcset=\"https:\/\/eldiariodesanpedro.com.ar\/sitio\/wp-content\/uploads\/2023\/09\/Imagen-de-WhatsApp-2023-09-28-a-las-20.49.44-1024x576.jpg 1024w, https:\/\/eldiariodesanpedro.com.ar\/sitio\/wp-content\/uploads\/2023\/09\/Imagen-de-WhatsApp-2023-09-28-a-las-20.49.44-300x169.jpg 300w, https:\/\/eldiariodesanpedro.com.ar\/sitio\/wp-content\/uploads\/2023\/09\/Imagen-de-WhatsApp-2023-09-28-a-las-20.49.44-768x432.jpg 768w, https:\/\/eldiariodesanpedro.com.ar\/sitio\/wp-content\/uploads\/2023\/09\/Imagen-de-WhatsApp-2023-09-28-a-las-20.49.44.jpg 1120w\" data-sizes=\"(max-width: 1024px) 100vw, 1024px\" src=\"data:image\/svg+xml;base64,PHN2ZyB3aWR0aD0iMSIgaGVpZ2h0PSIxIiB4bWxucz0iaHR0cDovL3d3dy53My5vcmcvMjAwMC9zdmciPjwvc3ZnPg==\" style=\"--smush-placeholder-width: 1024px; --smush-placeholder-aspect-ratio: 1024\/576;\" \/><\/figure>\n\n\n\n<figure class=\"wp-block-image size-large\"><img decoding=\"async\" width=\"1024\" height=\"576\" data-attachment-id=\"122653\" data-permalink=\"https:\/\/eldiariodesanpedro.com.ar\/sitio\/nestor-grindetti-encabezo-una-reunion-con-vecinos-y-seguidores-en-bar-centrico\/imagen-de-whatsapp-2023-09-28-a-las-20-49-41\/\" data-orig-file=\"https:\/\/eldiariodesanpedro.com.ar\/sitio\/wp-content\/uploads\/2023\/09\/Imagen-de-WhatsApp-2023-09-28-a-las-20.49.41.jpg\" data-orig-size=\"1120,630\" data-comments-opened=\"0\" data-image-meta=\"{&quot;aperture&quot;:&quot;0&quot;,&quot;credit&quot;:&quot;&quot;,&quot;camera&quot;:&quot;&quot;,&quot;caption&quot;:&quot;&quot;,&quot;created_timestamp&quot;:&quot;0&quot;,&quot;copyright&quot;:&quot;&quot;,&quot;focal_length&quot;:&quot;0&quot;,&quot;iso&quot;:&quot;0&quot;,&quot;shutter_speed&quot;:&quot;0&quot;,&quot;title&quot;:&quot;&quot;,&quot;orientation&quot;:&quot;0&quot;}\" data-image-title=\"Imagen de WhatsApp 2023-09-28 a las 20.49.41\" data-image-description=\"\" data-image-caption=\"\" data-large-file=\"https:\/\/eldiariodesanpedro.com.ar\/sitio\/wp-content\/uploads\/2023\/09\/Imagen-de-WhatsApp-2023-09-28-a-las-20.49.41-1024x576.jpg\" data-src=\"https:\/\/eldiariodesanpedro.com.ar\/sitio\/wp-content\/uploads\/2023\/09\/Imagen-de-WhatsApp-2023-09-28-a-las-20.49.41-1024x576.jpg\" alt=\"\" class=\"wp-image-122653 lazyload\" data-srcset=\"https:\/\/eldiariodesanpedro.com.ar\/sitio\/wp-content\/uploads\/2023\/09\/Imagen-de-WhatsApp-2023-09-28-a-las-20.49.41-1024x576.jpg 1024w, https:\/\/eldiariodesanpedro.com.ar\/sitio\/wp-content\/uploads\/2023\/09\/Imagen-de-WhatsApp-2023-09-28-a-las-20.49.41-300x169.jpg 300w, https:\/\/eldiariodesanpedro.com.ar\/sitio\/wp-content\/uploads\/2023\/09\/Imagen-de-WhatsApp-2023-09-28-a-las-20.49.41-768x432.jpg 768w, https:\/\/eldiariodesanpedro.com.ar\/sitio\/wp-content\/uploads\/2023\/09\/Imagen-de-WhatsApp-2023-09-28-a-las-20.49.41.jpg 1120w\" data-sizes=\"(max-width: 1024px) 100vw, 1024px\" src=\"data:image\/svg+xml;base64,PHN2ZyB3aWR0aD0iMSIgaGVpZ2h0PSIxIiB4bWxucz0iaHR0cDovL3d3dy53My5vcmcvMjAwMC9zdmciPjwvc3ZnPg==\" style=\"--smush-placeholder-width: 1024px; --smush-placeholder-aspect-ratio: 1024\/576;\" \/><\/figure>\n\n\n\n<figure class=\"wp-block-image size-large\"><img decoding=\"async\" width=\"1024\" height=\"576\" data-attachment-id=\"122651\" data-permalink=\"https:\/\/eldiariodesanpedro.com.ar\/sitio\/nestor-grindetti-encabezo-una-reunion-con-vecinos-y-seguidores-en-bar-centrico\/imagen-de-whatsapp-2023-09-28-a-las-20-49-39\/\" data-orig-file=\"https:\/\/eldiariodesanpedro.com.ar\/sitio\/wp-content\/uploads\/2023\/09\/Imagen-de-WhatsApp-2023-09-28-a-las-20.49.39.jpg\" data-orig-size=\"1120,630\" data-comments-opened=\"0\" data-image-meta=\"{&quot;aperture&quot;:&quot;0&quot;,&quot;credit&quot;:&quot;&quot;,&quot;camera&quot;:&quot;&quot;,&quot;caption&quot;:&quot;&quot;,&quot;created_timestamp&quot;:&quot;0&quot;,&quot;copyright&quot;:&quot;&quot;,&quot;focal_length&quot;:&quot;0&quot;,&quot;iso&quot;:&quot;0&quot;,&quot;shutter_speed&quot;:&quot;0&quot;,&quot;title&quot;:&quot;&quot;,&quot;orientation&quot;:&quot;0&quot;}\" data-image-title=\"Imagen de WhatsApp 2023-09-28 a las 20.49.39\" data-image-description=\"\" data-image-caption=\"\" data-large-file=\"https:\/\/eldiariodesanpedro.com.ar\/sitio\/wp-content\/uploads\/2023\/09\/Imagen-de-WhatsApp-2023-09-28-a-las-20.49.39-1024x576.jpg\" data-src=\"https:\/\/eldiariodesanpedro.com.ar\/sitio\/wp-content\/uploads\/2023\/09\/Imagen-de-WhatsApp-2023-09-28-a-las-20.49.39-1024x576.jpg\" alt=\"\" class=\"wp-image-122651 lazyload\" data-srcset=\"https:\/\/eldiariodesanpedro.com.ar\/sitio\/wp-content\/uploads\/2023\/09\/Imagen-de-WhatsApp-2023-09-28-a-las-20.49.39-1024x576.jpg 1024w, https:\/\/eldiariodesanpedro.com.ar\/sitio\/wp-content\/uploads\/2023\/09\/Imagen-de-WhatsApp-2023-09-28-a-las-20.49.39-300x169.jpg 300w, https:\/\/eldiariodesanpedro.com.ar\/sitio\/wp-content\/uploads\/2023\/09\/Imagen-de-WhatsApp-2023-09-28-a-las-20.49.39-768x432.jpg 768w, https:\/\/eldiariodesanpedro.com.ar\/sitio\/wp-content\/uploads\/2023\/09\/Imagen-de-WhatsApp-2023-09-28-a-las-20.49.39.jpg 1120w\" data-sizes=\"(max-width: 1024px) 100vw, 1024px\" src=\"data:image\/svg+xml;base64,PHN2ZyB3aWR0aD0iMSIgaGVpZ2h0PSIxIiB4bWxucz0iaHR0cDovL3d3dy53My5vcmcvMjAwMC9zdmciPjwvc3ZnPg==\" style=\"--smush-placeholder-width: 1024px; --smush-placeholder-aspect-ratio: 1024\/576;\" \/><\/figure>\n","protected":false},"excerpt":{"rendered":"<p>N\u00e9stor Grindetti, el candidato de Juntos por el Cambio a la Gobernaci\u00f3n de la provincia de Buenos Aires, lider\u00f3 una reuni\u00f3n con residentes y partidarios en el Bar Butti. Durante el evento, Grindetti, ex Intendente de Lan\u00fas, tambi\u00e9n ofreci\u00f3 una conferencia de prensa para los medios locales. Acompa\u00f1\u00e1ndolo estaban Ariel Rey, candidato a la Intendencia, [&hellip;]<\/p>\n","protected":false},"author":4,"featured_media":122652,"comment_status":"closed","ping_status":"closed","sticky":false,"template":"","format":"standard","meta":{"om_disable_all_campaigns":false,"_jetpack_memberships_contains_paid_content":false,"footnotes":""},"categories":[50,101,2],"tags":[197,696,33,19],"class_list":["post-122650","post","type-post","status-publish","format-standard","has-post-thumbnail","hentry","category-destacadas","category-interes-general-locales","category-locales","tag-buenos-aires","tag-interes-general","tag-locales","tag-san-pedro"],"aioseo_notices":[],"gutentor_comment":0,"jetpack_featured_media_url":"https:\/\/eldiariodesanpedro.com.ar\/sitio\/wp-content\/uploads\/2023\/09\/Imagen-de-WhatsApp-2023-09-28-a-las-20.49.40.jpg","jetpack_shortlink":"https:\/\/wp.me\/p6RhLt-vUe","jetpack_sharing_enabled":true,"_links":{"self":[{"href":"https:\/\/eldiariodesanpedro.com.ar\/sitio\/wp-json\/wp\/v2\/posts\/122650","targetHints":{"allow":["GET"]}}],"collection":[{"href":"https:\/\/eldiariodesanpedro.com.ar\/sitio\/wp-json\/wp\/v2\/posts"}],"about":[{"href":"https:\/\/eldiariodesanpedro.com.ar\/sitio\/wp-json\/wp\/v2\/types\/post"}],"author":[{"embeddable":true,"href":"https:\/\/eldiariodesanpedro.com.ar\/sitio\/wp-json\/wp\/v2\/users\/4"}],"replies":[{"embeddable":true,"href":"https:\/\/eldiariodesanpedro.com.ar\/sitio\/wp-json\/wp\/v2\/comments?post=122650"}],"version-history":[{"count":1,"href":"https:\/\/eldiariodesanpedro.com.ar\/sitio\/wp-json\/wp\/v2\/posts\/122650\/revisions"}],"predecessor-version":[{"id":122655,"href":"https:\/\/eldiariodesanpedro.com.ar\/sitio\/wp-json\/wp\/v2\/posts\/122650\/revisions\/122655"}],"wp:featuredmedia":[{"embeddable":true,"href":"https:\/\/eldiariodesanpedro.com.ar\/sitio\/wp-json\/wp\/v2\/media\/122652"}],"wp:attachment":[{"href":"https:\/\/eldiariodesanpedro.com.ar\/sitio\/wp-json\/wp\/v2\/media?parent=122650"}],"wp:term":[{"taxonomy":"category","embeddable":true,"href":"https:\/\/eldiariodesanpedro.com.ar\/sitio\/wp-json\/wp\/v2\/categories?post=122650"},{"taxonomy":"post_tag","embeddable":true,"href":"https:\/\/eldiariodesanpedro.com.ar\/sitio\/wp-json\/wp\/v2\/tags?post=122650"}],"curies":[{"name":"wp","href":"https:\/\/api.w.org\/{rel}","templated":true}]}}