{"id":122648,"date":"2023-09-28T20:44:44","date_gmt":"2023-09-28T23:44:44","guid":{"rendered":"https:\/\/eldiariodesanpedro.com.ar\/sitio\/?p=122648"},"modified":"2023-09-28T20:44:45","modified_gmt":"2023-09-28T23:44:45","slug":"coopser-informa-para-manana-viernes-corte-energia-electrica","status":"publish","type":"post","link":"https:\/\/eldiariodesanpedro.com.ar\/sitio\/coopser-informa-para-manana-viernes-corte-energia-electrica\/","title":{"rendered":"Coopser informa para ma\u00f1ana viernes corte energia electrica"},"content":{"rendered":"<!-- VideographyWP Plugin Message: Automatic video embedding prevented by plugin options. -->\n\n<p>La Cooperativa de Servicios inform\u00f3 que este viernes se realizar\u00e1n tareas de mantenimiento en el tendido el\u00e9ctrico.\u00a0<br>Por tal motivo, en el horario de 7:30 a 9:30 se interrumpir\u00e1 el suministro en las siguientes zonas:\u00a0<\/p>\n\n\n\n<p><strong>Zonas<\/strong><br>Camino Aeroclub &#8211; Acosta (completo)<br>Callej\u00f3n\u00a0 Bossi<br>Callej\u00f3n\u00a0 Grimal &#8211; Riera<br>Camino a Paraje Tablas desde las v\u00edas hasta Callej\u00f3n\u00a0 Acosta<br>Callej\u00f3n\u00a0 Debock &#8211; Villa Jard\u00edn<br>Callej\u00f3n\u00a0 Vidal<br>Ruta 191 desde Callej\u00f3n\u00a0 Debock hasta KM 11.5 (La Escuela N\u00b018 no se ver\u00e1 afectada por el corte)<br>Callej\u00f3n\u00a0 Mascetti<br>Callej\u00f3n\u00a0 Novella<\/p>\n","protected":false},"excerpt":{"rendered":"<p>La Cooperativa de Servicios inform\u00f3 que este viernes se realizar\u00e1n tareas de mantenimiento en el tendido el\u00e9ctrico.\u00a0Por tal motivo, en el horario de 7:30 a 9:30 se interrumpir\u00e1 el suministro en las siguientes zonas:\u00a0 ZonasCamino Aeroclub &#8211; Acosta (completo)Callej\u00f3n\u00a0 BossiCallej\u00f3n\u00a0 Grimal &#8211; RieraCamino a Paraje Tablas desde las v\u00edas hasta Callej\u00f3n\u00a0 AcostaCallej\u00f3n\u00a0 Debock &#8211; Villa [&hellip;]<\/p>\n","protected":false},"author":4,"featured_media":79058,"comment_status":"closed","ping_status":"closed","sticky":false,"template":"","format":"standard","meta":{"om_disable_all_campaigns":false,"_jetpack_memberships_contains_paid_content":false,"footnotes":""},"categories":[101,2],"tags":[197,696,33,19],"class_list":["post-122648","post","type-post","status-publish","format-standard","has-post-thumbnail","hentry","category-interes-general-locales","category-locales","tag-buenos-aires","tag-interes-general","tag-locales","tag-san-pedro"],"aioseo_notices":[],"gutentor_comment":0,"jetpack_featured_media_url":"https:\/\/eldiariodesanpedro.com.ar\/sitio\/wp-content\/uploads\/2020\/08\/archivo-coopser.jpeg","jetpack_shortlink":"https:\/\/wp.me\/p6RhLt-vUc","jetpack_sharing_enabled":true,"_links":{"self":[{"href":"https:\/\/eldiariodesanpedro.com.ar\/sitio\/wp-json\/wp\/v2\/posts\/122648","targetHints":{"allow":["GET"]}}],"collection":[{"href":"https:\/\/eldiariodesanpedro.com.ar\/sitio\/wp-json\/wp\/v2\/posts"}],"about":[{"href":"https:\/\/eldiariodesanpedro.com.ar\/sitio\/wp-json\/wp\/v2\/types\/post"}],"author":[{"embeddable":true,"href":"https:\/\/eldiariodesanpedro.com.ar\/sitio\/wp-json\/wp\/v2\/users\/4"}],"replies":[{"embeddable":true,"href":"https:\/\/eldiariodesanpedro.com.ar\/sitio\/wp-json\/wp\/v2\/comments?post=122648"}],"version-history":[{"count":1,"href":"https:\/\/eldiariodesanpedro.com.ar\/sitio\/wp-json\/wp\/v2\/posts\/122648\/revisions"}],"predecessor-version":[{"id":122649,"href":"https:\/\/eldiariodesanpedro.com.ar\/sitio\/wp-json\/wp\/v2\/posts\/122648\/revisions\/122649"}],"wp:featuredmedia":[{"embeddable":true,"href":"https:\/\/eldiariodesanpedro.com.ar\/sitio\/wp-json\/wp\/v2\/media\/79058"}],"wp:attachment":[{"href":"https:\/\/eldiariodesanpedro.com.ar\/sitio\/wp-json\/wp\/v2\/media?parent=122648"}],"wp:term":[{"taxonomy":"category","embeddable":true,"href":"https:\/\/eldiariodesanpedro.com.ar\/sitio\/wp-json\/wp\/v2\/categories?post=122648"},{"taxonomy":"post_tag","embeddable":true,"href":"https:\/\/eldiariodesanpedro.com.ar\/sitio\/wp-json\/wp\/v2\/tags?post=122648"}],"curies":[{"name":"wp","href":"https:\/\/api.w.org\/{rel}","templated":true}]}}