{"id":122646,"date":"2023-09-28T20:38:36","date_gmt":"2023-09-28T23:38:36","guid":{"rendered":"https:\/\/eldiariodesanpedro.com.ar\/sitio\/?p=122646"},"modified":"2023-09-28T20:38:37","modified_gmt":"2023-09-28T23:38:37","slug":"negaron-la-excarcelacion-a-la-banda-de-policias-que-delinquia-en-la-region","status":"publish","type":"post","link":"https:\/\/eldiariodesanpedro.com.ar\/sitio\/negaron-la-excarcelacion-a-la-banda-de-policias-que-delinquia-en-la-region\/","title":{"rendered":"Negaron la excarcelaci\u00f3n a la banda de polic\u00edas que delinqu\u00eda en la regi\u00f3n"},"content":{"rendered":"<!-- VideographyWP Plugin Message: Automatic video embedding prevented by plugin options. -->\n\n<p>El Juez de Garant\u00edas Rom\u00e1n Parodi no hizo lugar al pedido de las defensas y los polic\u00edas que integraban una banda que delinqu\u00eda en toda la regi\u00f3n seguir\u00e1n tras las rejas.<\/p>\n\n\n\n<p>Durante la jornada del mi\u00e9rcoles el Juez de Garant\u00edas Rom\u00e1n Parodi resolvi\u00f3 con respecto a la solicitud que los defensores hab\u00edan efectuado para lograr la excarcelaci\u00f3n de los polic\u00edas acusados de integrar una banda dedicada a la venta de drogas y asociaci\u00f3n Il\u00edcita.<\/p>\n\n\n\n<p>El letrado no hizo lugar a lo solicitado y todos los involucrados seguir\u00e1n detenidos acompa\u00f1ando el proceso desde las distintas dependencias en las que fueron alojados. Los efectivos vinculados a la venta de drogas se encuentran detenidos en la sede de la Polic\u00eda Federal de San Nicol\u00e1s, mientras que los polic\u00edas imputados en una asociaci\u00f3n Il\u00edcita permanecen en la Comisar\u00eda Primera de esa misma localidad.<\/p>\n\n\n\n<p>Los detenidos son Lucas Rub\u00e9n Artioli, quien aparentemente era el jefe de la banda, Mat\u00edas Alberto Godoy, Claudio David B\u00e1ez, Juan Reinoso y Walter Ram\u00f3n Espinoza, as\u00ed como tambi\u00e9n otras tres personas de apellido Miguel G\u00f3mez, Elias Par\u00e9 y Rolando Albornoz. Todos desarrollaban distintas tareas en dependencias de de la zona pertenecientes a la polic\u00eda bonaerense. Entre los involucrados figura el efectivo santalucense Juan Reinoso quien en la actualidad se desempe\u00f1aba como funcionario en la ciudad de Baradero.<\/p>\n","protected":false},"excerpt":{"rendered":"<p>El Juez de Garant\u00edas Rom\u00e1n Parodi no hizo lugar al pedido de las defensas y los polic\u00edas que integraban una banda que delinqu\u00eda en toda la regi\u00f3n seguir\u00e1n tras las rejas. Durante la jornada del mi\u00e9rcoles el Juez de Garant\u00edas Rom\u00e1n Parodi resolvi\u00f3 con respecto a la solicitud que los defensores hab\u00edan efectuado para lograr [&hellip;]<\/p>\n","protected":false},"author":4,"featured_media":28792,"comment_status":"closed","ping_status":"closed","sticky":false,"template":"","format":"standard","meta":{"om_disable_all_campaigns":false,"_jetpack_memberships_contains_paid_content":false,"footnotes":""},"categories":[50,101,2],"tags":[197,33,19],"class_list":["post-122646","post","type-post","status-publish","format-standard","has-post-thumbnail","hentry","category-destacadas","category-interes-general-locales","category-locales","tag-buenos-aires","tag-locales","tag-san-pedro"],"aioseo_notices":[],"gutentor_comment":0,"jetpack_featured_media_url":"https:\/\/eldiariodesanpedro.com.ar\/sitio\/wp-content\/uploads\/2018\/02\/Policia-Federal-detiene-a-profugo-rosarino-en-San-Pedro.jpg","jetpack_shortlink":"https:\/\/wp.me\/p6RhLt-vUa","jetpack_sharing_enabled":true,"_links":{"self":[{"href":"https:\/\/eldiariodesanpedro.com.ar\/sitio\/wp-json\/wp\/v2\/posts\/122646","targetHints":{"allow":["GET"]}}],"collection":[{"href":"https:\/\/eldiariodesanpedro.com.ar\/sitio\/wp-json\/wp\/v2\/posts"}],"about":[{"href":"https:\/\/eldiariodesanpedro.com.ar\/sitio\/wp-json\/wp\/v2\/types\/post"}],"author":[{"embeddable":true,"href":"https:\/\/eldiariodesanpedro.com.ar\/sitio\/wp-json\/wp\/v2\/users\/4"}],"replies":[{"embeddable":true,"href":"https:\/\/eldiariodesanpedro.com.ar\/sitio\/wp-json\/wp\/v2\/comments?post=122646"}],"version-history":[{"count":1,"href":"https:\/\/eldiariodesanpedro.com.ar\/sitio\/wp-json\/wp\/v2\/posts\/122646\/revisions"}],"predecessor-version":[{"id":122647,"href":"https:\/\/eldiariodesanpedro.com.ar\/sitio\/wp-json\/wp\/v2\/posts\/122646\/revisions\/122647"}],"wp:featuredmedia":[{"embeddable":true,"href":"https:\/\/eldiariodesanpedro.com.ar\/sitio\/wp-json\/wp\/v2\/media\/28792"}],"wp:attachment":[{"href":"https:\/\/eldiariodesanpedro.com.ar\/sitio\/wp-json\/wp\/v2\/media?parent=122646"}],"wp:term":[{"taxonomy":"category","embeddable":true,"href":"https:\/\/eldiariodesanpedro.com.ar\/sitio\/wp-json\/wp\/v2\/categories?post=122646"},{"taxonomy":"post_tag","embeddable":true,"href":"https:\/\/eldiariodesanpedro.com.ar\/sitio\/wp-json\/wp\/v2\/tags?post=122646"}],"curies":[{"name":"wp","href":"https:\/\/api.w.org\/{rel}","templated":true}]}}