{"id":12264,"date":"2017-01-04T20:12:36","date_gmt":"2017-01-04T23:12:36","guid":{"rendered":"https:\/\/eldiariodesanpedro.com.ar\/sitio\/?p=12264"},"modified":"2017-01-04T20:12:36","modified_gmt":"2017-01-04T23:12:36","slug":"san-nicolas-multado-debera-donar-panales-a-un-hogar-de-ninos","status":"publish","type":"post","link":"https:\/\/eldiariodesanpedro.com.ar\/sitio\/san-nicolas-multado-debera-donar-panales-a-un-hogar-de-ninos\/","title":{"rendered":"SAN NICOL\u00c1S: Multado deber\u00e1 donar pa\u00f1ales a un hogar de ni\u00f1os"},"content":{"rendered":"<p><!-- VideographyWP Plugin Message: Automatic video embedding prevented by plugin options. --><br \/>\nEl Juzgado de Faltas municipal determin\u00f3 que un infractor adem\u00e1s de abonar la multa deber\u00e1 donar pa\u00f1ales al Hogar El Amanecer. El castigo y reparaci\u00f3n social es por tirar basura en la v\u00eda p\u00fablica.<\/p>\n<p>La infracci\u00f3n la cometi\u00f3 en Rucci y Alberdi. El sujeto deber\u00e1 abonar la multa correspondiente y, adem\u00e1s, realizar una donaci\u00f3n de 3000 pesos en pa\u00f1ales para el Hogar El Amanecer.<\/p>\n<p>El Juez, Dr. Mart\u00edn Brignoli asegur\u00f3 que la medida es la \u00fanica forma de que \u201cla ciudadan\u00eda tome conciencia de la importancia del medio ambiente\u201d.<\/p>\n<p>En el marco de una intervenci\u00f3n de la policial ambiental convocada por un vecino que adem\u00e1s sac\u00f3 fotograf\u00edas que pudieron ser esenciales para imputar al infractor, d\u00edas atr\u00e1s se detuvo la marcha de un veh\u00edculo que segundos antes hab\u00eda arrojado basura sobre la mencionada intersecci\u00f3n de zona oeste de nuestra ciudad.<\/p>\n<p>Las actuaciones por arrojar desperdicios a la v\u00eda p\u00fablica y\/o espacio p\u00fablico fueron remitidas al Juzgado de Faltas donde el Dr. Mart\u00edn Brignoli lo conden\u00f3 al pago de una multa de $ 1800 y al cargo adicional de realizar una donaci\u00f3n de pa\u00f1ales por un valor de $ 3000 para ser entregados al Hogar El Amanecer.<\/p>\n<p>Este dictamen deja sentado como precedente que toda persona que arroje basura a la v\u00eda p\u00fablica perjudicando especialmente a los espacios que son pulmones naturales de nuestra ciudad adem\u00e1s de tener que pagar una multa agravada, deber\u00e1 cumplir un cargo adicional de tipo social. En este caso levantar desperdicios y basura de espacios p\u00fablicos como plazas para recuperar su veh\u00edculo. (Diario El Informante)<\/p>\n","protected":false},"excerpt":{"rendered":"<p>El Juzgado de Faltas municipal determin\u00f3 que un infractor adem\u00e1s de abonar la multa deber\u00e1 donar pa\u00f1ales al Hogar El Amanecer. El castigo y reparaci\u00f3n social es por tirar basura en la v\u00eda p\u00fablica. La infracci\u00f3n la cometi\u00f3 en Rucci y Alberdi. El sujeto deber\u00e1 abonar la multa correspondiente y, adem\u00e1s, realizar una donaci\u00f3n de [&hellip;]<\/p>\n","protected":false},"author":4,"featured_media":12265,"comment_status":"open","ping_status":"closed","sticky":false,"template":"","format":"standard","meta":{"om_disable_all_campaigns":false,"_jetpack_memberships_contains_paid_content":false,"footnotes":""},"categories":[621],"tags":[],"class_list":["post-12264","post","type-post","status-publish","format-standard","has-post-thumbnail","hentry","category-regionales"],"aioseo_notices":[],"gutentor_comment":0,"jetpack_featured_media_url":"https:\/\/eldiariodesanpedro.com.ar\/sitio\/wp-content\/uploads\/2017\/01\/Juez-Dr.-Mart\u00edn-Brignoli.jpg","jetpack_shortlink":"https:\/\/wp.me\/p6RhLt-3bO","jetpack_sharing_enabled":true,"_links":{"self":[{"href":"https:\/\/eldiariodesanpedro.com.ar\/sitio\/wp-json\/wp\/v2\/posts\/12264","targetHints":{"allow":["GET"]}}],"collection":[{"href":"https:\/\/eldiariodesanpedro.com.ar\/sitio\/wp-json\/wp\/v2\/posts"}],"about":[{"href":"https:\/\/eldiariodesanpedro.com.ar\/sitio\/wp-json\/wp\/v2\/types\/post"}],"author":[{"embeddable":true,"href":"https:\/\/eldiariodesanpedro.com.ar\/sitio\/wp-json\/wp\/v2\/users\/4"}],"replies":[{"embeddable":true,"href":"https:\/\/eldiariodesanpedro.com.ar\/sitio\/wp-json\/wp\/v2\/comments?post=12264"}],"version-history":[{"count":1,"href":"https:\/\/eldiariodesanpedro.com.ar\/sitio\/wp-json\/wp\/v2\/posts\/12264\/revisions"}],"predecessor-version":[{"id":12266,"href":"https:\/\/eldiariodesanpedro.com.ar\/sitio\/wp-json\/wp\/v2\/posts\/12264\/revisions\/12266"}],"wp:featuredmedia":[{"embeddable":true,"href":"https:\/\/eldiariodesanpedro.com.ar\/sitio\/wp-json\/wp\/v2\/media\/12265"}],"wp:attachment":[{"href":"https:\/\/eldiariodesanpedro.com.ar\/sitio\/wp-json\/wp\/v2\/media?parent=12264"}],"wp:term":[{"taxonomy":"category","embeddable":true,"href":"https:\/\/eldiariodesanpedro.com.ar\/sitio\/wp-json\/wp\/v2\/categories?post=12264"},{"taxonomy":"post_tag","embeddable":true,"href":"https:\/\/eldiariodesanpedro.com.ar\/sitio\/wp-json\/wp\/v2\/tags?post=12264"}],"curies":[{"name":"wp","href":"https:\/\/api.w.org\/{rel}","templated":true}]}}