{"id":12262,"date":"2017-01-04T20:09:17","date_gmt":"2017-01-04T23:09:17","guid":{"rendered":"https:\/\/eldiariodesanpedro.com.ar\/sitio\/?p=12262"},"modified":"2017-01-04T20:09:17","modified_gmt":"2017-01-04T23:09:17","slug":"ramallo-un-joven-termino-herido-de-bala-en-el-hombro-en-un-violento-episodio","status":"publish","type":"post","link":"https:\/\/eldiariodesanpedro.com.ar\/sitio\/ramallo-un-joven-termino-herido-de-bala-en-el-hombro-en-un-violento-episodio\/","title":{"rendered":"RAMALLO: Un joven termin\u00f3 herido de bala en el hombro en un violento episodio"},"content":{"rendered":"<p><!-- VideographyWP Plugin Message: Automatic video embedding prevented by plugin options. --><br \/>\nPersonal de la Comisar\u00eda Primera tuvo que intervenir en un episodio violento que se produjo en calle Sarmiento y Roque S\u00e1enz Pe\u00f1a. El hecho fue caratulado como tentativa de homicidio, hurto y da\u00f1o, y fue aprehendido un hombre de 44 a\u00f1os.<\/p>\n<p>Por circunstancias que se deber\u00e1n establecer el agresor comenz\u00f3 a destruir el parabrisas de una Pick Up S10 de color blanca, propiedad de un joven de la ciudad de Ramallo, para luego efectuarle varios disparos con arma de fuego, hiri\u00e9ndolo en el omoplato. <\/p>\n<p>El joven lleg\u00f3 al Hospital Jos\u00e9 Mar\u00eda Gomendio por sus propios medios y una vez asistido por el M\u00e9dico de Guardia le otorg\u00f3 el alta, quedando alojado el plomo en la zona del hombro.<br \/>\n(http:\/\/laradioramallo.com.ar).<\/p>\n","protected":false},"excerpt":{"rendered":"<p>Personal de la Comisar\u00eda Primera tuvo que intervenir en un episodio violento que se produjo en calle Sarmiento y Roque S\u00e1enz Pe\u00f1a. El hecho fue caratulado como tentativa de homicidio, hurto y da\u00f1o, y fue aprehendido un hombre de 44 a\u00f1os. Por circunstancias que se deber\u00e1n establecer el agresor comenz\u00f3 a destruir el parabrisas de [&hellip;]<\/p>\n","protected":false},"author":4,"featured_media":8212,"comment_status":"open","ping_status":"closed","sticky":false,"template":"","format":"standard","meta":{"om_disable_all_campaigns":false,"_jetpack_memberships_contains_paid_content":false,"footnotes":""},"categories":[621],"tags":[],"class_list":["post-12262","post","type-post","status-publish","format-standard","has-post-thumbnail","hentry","category-regionales"],"aioseo_notices":[],"gutentor_comment":0,"jetpack_featured_media_url":"https:\/\/eldiariodesanpedro.com.ar\/sitio\/wp-content\/uploads\/2016\/09\/arma-de-fuego.jpg","jetpack_shortlink":"https:\/\/wp.me\/p6RhLt-3bM","jetpack_sharing_enabled":true,"_links":{"self":[{"href":"https:\/\/eldiariodesanpedro.com.ar\/sitio\/wp-json\/wp\/v2\/posts\/12262","targetHints":{"allow":["GET"]}}],"collection":[{"href":"https:\/\/eldiariodesanpedro.com.ar\/sitio\/wp-json\/wp\/v2\/posts"}],"about":[{"href":"https:\/\/eldiariodesanpedro.com.ar\/sitio\/wp-json\/wp\/v2\/types\/post"}],"author":[{"embeddable":true,"href":"https:\/\/eldiariodesanpedro.com.ar\/sitio\/wp-json\/wp\/v2\/users\/4"}],"replies":[{"embeddable":true,"href":"https:\/\/eldiariodesanpedro.com.ar\/sitio\/wp-json\/wp\/v2\/comments?post=12262"}],"version-history":[{"count":1,"href":"https:\/\/eldiariodesanpedro.com.ar\/sitio\/wp-json\/wp\/v2\/posts\/12262\/revisions"}],"predecessor-version":[{"id":12263,"href":"https:\/\/eldiariodesanpedro.com.ar\/sitio\/wp-json\/wp\/v2\/posts\/12262\/revisions\/12263"}],"wp:featuredmedia":[{"embeddable":true,"href":"https:\/\/eldiariodesanpedro.com.ar\/sitio\/wp-json\/wp\/v2\/media\/8212"}],"wp:attachment":[{"href":"https:\/\/eldiariodesanpedro.com.ar\/sitio\/wp-json\/wp\/v2\/media?parent=12262"}],"wp:term":[{"taxonomy":"category","embeddable":true,"href":"https:\/\/eldiariodesanpedro.com.ar\/sitio\/wp-json\/wp\/v2\/categories?post=12262"},{"taxonomy":"post_tag","embeddable":true,"href":"https:\/\/eldiariodesanpedro.com.ar\/sitio\/wp-json\/wp\/v2\/tags?post=12262"}],"curies":[{"name":"wp","href":"https:\/\/api.w.org\/{rel}","templated":true}]}}