{"id":122602,"date":"2023-09-27T18:48:53","date_gmt":"2023-09-27T21:48:53","guid":{"rendered":"https:\/\/eldiariodesanpedro.com.ar\/sitio\/?p=122602"},"modified":"2023-09-27T18:48:54","modified_gmt":"2023-09-27T21:48:54","slug":"comienza-la-inscripcion-para-los-refuerzos-de-ingresos-para-trabajadores-informales","status":"publish","type":"post","link":"https:\/\/eldiariodesanpedro.com.ar\/sitio\/comienza-la-inscripcion-para-los-refuerzos-de-ingresos-para-trabajadores-informales\/","title":{"rendered":"Comienza la inscripci\u00f3n para los refuerzos de ingresos para trabajadores informales"},"content":{"rendered":"<!-- VideographyWP Plugin Message: Automatic video embedding prevented by plugin options. -->\n\n<p>&nbsp;La inscripci\u00f3n para acceder a los dos refuerzos de ingresos de $ 47.000 anunciados ayer por el ministro de Econom\u00eda, Sergio Massa, y la directora ejecutiva de la Administraci\u00f3n Nacional de la Seguridad Social (Anses), Fernanda Raverta, comenzar\u00e1 esta tarde en el sitio del organismo previsional.<\/p>\n\n\n\n<p>Los refuerzos, que se pagar\u00e1n uno en octubre y otro en noviembre, est\u00e1n destinados a trabajadores informales de entre 18 y 64 a\u00f1os de edad que no cuenten con ingresos registrados y que no perciban asistencia econ\u00f3mica del Estado, como la Asignaci\u00f3n Universal por Hijo (AUH), las becas Progresar o el Potenciar Trabajo.<\/p>\n\n\n\n<p>Se trata de un sector de la poblaci\u00f3n que no hab\u00eda sido alcanzado por las medidas econ\u00f3micas dispuestas en las \u00faltimas semanas para atenuar el impacto de la devaluaci\u00f3n impuesta por el FMI.<\/p>\n\n\n\n<p>La inscripci\u00f3n comenzar\u00e1 a las 14 y permanecer\u00e1 abierta durante todo octubre.<\/p>\n\n\n\n<p><ins><\/ins>La misma se podr\u00e1 realizar exclusivamente a trav\u00e9s de la p\u00e1gina web o de la aplicaci\u00f3n Mi Anses, todos los d\u00edas de 14 a 22.<\/p>\n\n\n\n<p>El primer pago de este refuerzo se realizar\u00e1 a partir del 9 de octubre.<\/p>\n\n\n\n<p>Para acceder al refuerzo las personas no deber\u00e1n tener trabajo registrado (relaci\u00f3n de dependencia, aut\u00f3nomos, monotributo, monotributo social y casas particulares); jubilaci\u00f3n o pensi\u00f3n; AUH, AUE, Asignaciones familiares o Progresar; planes sociales (por ejemplo, Potenciar Trabajo); ni prestaci\u00f3n por desempleo.<\/p>\n\n\n\n<p>Adem\u00e1s, Anses realizar\u00e1 una evaluaci\u00f3n socioecon\u00f3mica y patrimonial (consumo, bienes, cobertura de salud, etc.) de los solicitantes, para evitar que accedan a \u00e9ste personas que no cumplen con los requisitos.<\/p>\n\n\n\n<p>Para la inscripci\u00f3n ser\u00e1 necesario, como en todos los tr\u00e1mites, que los beneficiarios cuenten con la Clave de Seguridad Social de Anses y una CBU a su nombre.<\/p>\n","protected":false},"excerpt":{"rendered":"<p>&nbsp;La inscripci\u00f3n para acceder a los dos refuerzos de ingresos de $ 47.000 anunciados ayer por el ministro de Econom\u00eda, Sergio Massa, y la directora ejecutiva de la Administraci\u00f3n Nacional de la Seguridad Social (Anses), Fernanda Raverta, comenzar\u00e1 esta tarde en el sitio del organismo previsional. Los refuerzos, que se pagar\u00e1n uno en octubre y [&hellip;]<\/p>\n","protected":false},"author":4,"featured_media":122603,"comment_status":"closed","ping_status":"closed","sticky":false,"template":"","format":"standard","meta":{"om_disable_all_campaigns":false,"_jetpack_memberships_contains_paid_content":false,"footnotes":""},"categories":[101,2],"tags":[197,696,33,19],"class_list":["post-122602","post","type-post","status-publish","format-standard","has-post-thumbnail","hentry","category-interes-general-locales","category-locales","tag-buenos-aires","tag-interes-general","tag-locales","tag-san-pedro"],"aioseo_notices":[],"gutentor_comment":0,"jetpack_featured_media_url":"https:\/\/eldiariodesanpedro.com.ar\/sitio\/wp-content\/uploads\/2023\/09\/maxresdefault.jpg","jetpack_shortlink":"https:\/\/wp.me\/p6RhLt-vTs","jetpack_sharing_enabled":true,"_links":{"self":[{"href":"https:\/\/eldiariodesanpedro.com.ar\/sitio\/wp-json\/wp\/v2\/posts\/122602","targetHints":{"allow":["GET"]}}],"collection":[{"href":"https:\/\/eldiariodesanpedro.com.ar\/sitio\/wp-json\/wp\/v2\/posts"}],"about":[{"href":"https:\/\/eldiariodesanpedro.com.ar\/sitio\/wp-json\/wp\/v2\/types\/post"}],"author":[{"embeddable":true,"href":"https:\/\/eldiariodesanpedro.com.ar\/sitio\/wp-json\/wp\/v2\/users\/4"}],"replies":[{"embeddable":true,"href":"https:\/\/eldiariodesanpedro.com.ar\/sitio\/wp-json\/wp\/v2\/comments?post=122602"}],"version-history":[{"count":1,"href":"https:\/\/eldiariodesanpedro.com.ar\/sitio\/wp-json\/wp\/v2\/posts\/122602\/revisions"}],"predecessor-version":[{"id":122604,"href":"https:\/\/eldiariodesanpedro.com.ar\/sitio\/wp-json\/wp\/v2\/posts\/122602\/revisions\/122604"}],"wp:featuredmedia":[{"embeddable":true,"href":"https:\/\/eldiariodesanpedro.com.ar\/sitio\/wp-json\/wp\/v2\/media\/122603"}],"wp:attachment":[{"href":"https:\/\/eldiariodesanpedro.com.ar\/sitio\/wp-json\/wp\/v2\/media?parent=122602"}],"wp:term":[{"taxonomy":"category","embeddable":true,"href":"https:\/\/eldiariodesanpedro.com.ar\/sitio\/wp-json\/wp\/v2\/categories?post=122602"},{"taxonomy":"post_tag","embeddable":true,"href":"https:\/\/eldiariodesanpedro.com.ar\/sitio\/wp-json\/wp\/v2\/tags?post=122602"}],"curies":[{"name":"wp","href":"https:\/\/api.w.org\/{rel}","templated":true}]}}