{"id":122600,"date":"2023-09-27T18:36:04","date_gmt":"2023-09-27T21:36:04","guid":{"rendered":"https:\/\/eldiariodesanpedro.com.ar\/sitio\/?p=122600"},"modified":"2023-09-27T18:36:05","modified_gmt":"2023-09-27T21:36:05","slug":"piden-informes-por-el-aumento-desproporcionado-de-la-vtv","status":"publish","type":"post","link":"https:\/\/eldiariodesanpedro.com.ar\/sitio\/piden-informes-por-el-aumento-desproporcionado-de-la-vtv\/","title":{"rendered":"Piden informes por el \u00abaumento desproporcionado\u00bb de la VTV"},"content":{"rendered":"<!-- VideographyWP Plugin Message: Automatic video embedding prevented by plugin options. -->\n\n<p>El diputado provincial de Juntos, Emiliano Balb\u00edn, present\u00f3 esta semana un proyecto de Pedido de Informes, solicitando a la provincia de Buenos Aires que explique las razones que lo llevaron a autorizar el brusco aumento del costo de la Verificaci\u00f3n T\u00e9cnica Vehicular (VTV), y el acumulado interanual.<\/p>\n\n\n\n<p>\u201cAhora aument\u00f3 un 54 por ciento, acumulando desde marzo un incremento superior al 185 por ciento y en los \u00faltimos 13 meses el 380 por ciento\u201d, manifest\u00f3 Balb\u00edn, y agreg\u00f3: \u201ca partir de esto nos gustar\u00eda conocer las razones que llevaron al gobernador Axel Kicillof semejante aumento\u201d.<a><\/a><\/p>\n\n\n\n<p>\u201cEstamos en un momento muy delicado de la econom\u00eda de todos los argentinos y bonaerenses, por eso desde el Estado debemos cuidar el bolsillo de la gente. Aumentos como \u00e9stos son verdaderos ajustes que impactan en el d\u00eda a d\u00eda de todos los vecinos\u201d, expres\u00f3.<\/p>\n","protected":false},"excerpt":{"rendered":"<p>El diputado provincial de Juntos, Emiliano Balb\u00edn, present\u00f3 esta semana un proyecto de Pedido de Informes, solicitando a la provincia de Buenos Aires que explique las razones que lo llevaron a autorizar el brusco aumento del costo de la Verificaci\u00f3n T\u00e9cnica Vehicular (VTV), y el acumulado interanual. \u201cAhora aument\u00f3 un 54 por ciento, acumulando desde [&hellip;]<\/p>\n","protected":false},"author":4,"featured_media":35120,"comment_status":"closed","ping_status":"closed","sticky":false,"template":"","format":"standard","meta":{"om_disable_all_campaigns":false,"_jetpack_memberships_contains_paid_content":false,"footnotes":""},"categories":[101,2],"tags":[197,696,33,19],"class_list":["post-122600","post","type-post","status-publish","format-standard","has-post-thumbnail","hentry","category-interes-general-locales","category-locales","tag-buenos-aires","tag-interes-general","tag-locales","tag-san-pedro"],"aioseo_notices":[],"gutentor_comment":0,"jetpack_featured_media_url":"https:\/\/eldiariodesanpedro.com.ar\/sitio\/wp-content\/uploads\/2018\/06\/vtv_baradero_0.jpg","jetpack_shortlink":"https:\/\/wp.me\/p6RhLt-vTq","jetpack_sharing_enabled":true,"_links":{"self":[{"href":"https:\/\/eldiariodesanpedro.com.ar\/sitio\/wp-json\/wp\/v2\/posts\/122600","targetHints":{"allow":["GET"]}}],"collection":[{"href":"https:\/\/eldiariodesanpedro.com.ar\/sitio\/wp-json\/wp\/v2\/posts"}],"about":[{"href":"https:\/\/eldiariodesanpedro.com.ar\/sitio\/wp-json\/wp\/v2\/types\/post"}],"author":[{"embeddable":true,"href":"https:\/\/eldiariodesanpedro.com.ar\/sitio\/wp-json\/wp\/v2\/users\/4"}],"replies":[{"embeddable":true,"href":"https:\/\/eldiariodesanpedro.com.ar\/sitio\/wp-json\/wp\/v2\/comments?post=122600"}],"version-history":[{"count":1,"href":"https:\/\/eldiariodesanpedro.com.ar\/sitio\/wp-json\/wp\/v2\/posts\/122600\/revisions"}],"predecessor-version":[{"id":122601,"href":"https:\/\/eldiariodesanpedro.com.ar\/sitio\/wp-json\/wp\/v2\/posts\/122600\/revisions\/122601"}],"wp:featuredmedia":[{"embeddable":true,"href":"https:\/\/eldiariodesanpedro.com.ar\/sitio\/wp-json\/wp\/v2\/media\/35120"}],"wp:attachment":[{"href":"https:\/\/eldiariodesanpedro.com.ar\/sitio\/wp-json\/wp\/v2\/media?parent=122600"}],"wp:term":[{"taxonomy":"category","embeddable":true,"href":"https:\/\/eldiariodesanpedro.com.ar\/sitio\/wp-json\/wp\/v2\/categories?post=122600"},{"taxonomy":"post_tag","embeddable":true,"href":"https:\/\/eldiariodesanpedro.com.ar\/sitio\/wp-json\/wp\/v2\/tags?post=122600"}],"curies":[{"name":"wp","href":"https:\/\/api.w.org\/{rel}","templated":true}]}}