{"id":122597,"date":"2023-09-27T14:51:13","date_gmt":"2023-09-27T17:51:13","guid":{"rendered":"https:\/\/eldiariodesanpedro.com.ar\/sitio\/?p=122597"},"modified":"2023-09-27T14:51:15","modified_gmt":"2023-09-27T17:51:15","slug":"el-grupo-conservacionista-insiste-con-la-presencia-de-tuneles-en-el-casco-historico","status":"publish","type":"post","link":"https:\/\/eldiariodesanpedro.com.ar\/sitio\/el-grupo-conservacionista-insiste-con-la-presencia-de-tuneles-en-el-casco-historico\/","title":{"rendered":"El Grupo Conservacionista insiste con la presencia de t\u00faneles en el casco hist\u00f3rico"},"content":{"rendered":"<!-- VideographyWP Plugin Message: Automatic video embedding prevented by plugin options. -->\n\n<p>Los integrantes de la entidad efectuaron tareas de b\u00fasqueda en la v\u00eda p\u00fablica.<\/p>\n\n\n\n<p>El Grupo Conservacionista de San Pedro volvi\u00f3 sobre la b\u00fasqueda de los supuestos t\u00faneles franciscanos en el casco hist\u00f3rico de la ciudad. Siempre apoyados en la tecnolog\u00eda y la t\u00e9cnica objetiva.<\/p>\n\n\n\n<p>Las tareas se efectuaron sobre los sectores donde se estima que existir\u00edan los mismos y genera una gran expectativa teniendo en cuenta que \u00abalgo hay\u00bb<\/p>\n","protected":false},"excerpt":{"rendered":"<p>Los integrantes de la entidad efectuaron tareas de b\u00fasqueda en la v\u00eda p\u00fablica. El Grupo Conservacionista de San Pedro volvi\u00f3 sobre la b\u00fasqueda de los supuestos t\u00faneles franciscanos en el casco hist\u00f3rico de la ciudad. Siempre apoyados en la tecnolog\u00eda y la t\u00e9cnica objetiva. Las tareas se efectuaron sobre los sectores donde se estima que [&hellip;]<\/p>\n","protected":false},"author":4,"featured_media":122598,"comment_status":"closed","ping_status":"closed","sticky":false,"template":"","format":"standard","meta":{"om_disable_all_campaigns":false,"_jetpack_memberships_contains_paid_content":false,"footnotes":""},"categories":[50,101,2],"tags":[197,696,33,19],"class_list":["post-122597","post","type-post","status-publish","format-standard","has-post-thumbnail","hentry","category-destacadas","category-interes-general-locales","category-locales","tag-buenos-aires","tag-interes-general","tag-locales","tag-san-pedro"],"aioseo_notices":[],"gutentor_comment":0,"jetpack_featured_media_url":"https:\/\/eldiariodesanpedro.com.ar\/sitio\/wp-content\/uploads\/2023\/09\/0000022219-resized-1920x1080-1.jpg","jetpack_shortlink":"https:\/\/wp.me\/p6RhLt-vTn","jetpack_sharing_enabled":true,"_links":{"self":[{"href":"https:\/\/eldiariodesanpedro.com.ar\/sitio\/wp-json\/wp\/v2\/posts\/122597","targetHints":{"allow":["GET"]}}],"collection":[{"href":"https:\/\/eldiariodesanpedro.com.ar\/sitio\/wp-json\/wp\/v2\/posts"}],"about":[{"href":"https:\/\/eldiariodesanpedro.com.ar\/sitio\/wp-json\/wp\/v2\/types\/post"}],"author":[{"embeddable":true,"href":"https:\/\/eldiariodesanpedro.com.ar\/sitio\/wp-json\/wp\/v2\/users\/4"}],"replies":[{"embeddable":true,"href":"https:\/\/eldiariodesanpedro.com.ar\/sitio\/wp-json\/wp\/v2\/comments?post=122597"}],"version-history":[{"count":1,"href":"https:\/\/eldiariodesanpedro.com.ar\/sitio\/wp-json\/wp\/v2\/posts\/122597\/revisions"}],"predecessor-version":[{"id":122599,"href":"https:\/\/eldiariodesanpedro.com.ar\/sitio\/wp-json\/wp\/v2\/posts\/122597\/revisions\/122599"}],"wp:featuredmedia":[{"embeddable":true,"href":"https:\/\/eldiariodesanpedro.com.ar\/sitio\/wp-json\/wp\/v2\/media\/122598"}],"wp:attachment":[{"href":"https:\/\/eldiariodesanpedro.com.ar\/sitio\/wp-json\/wp\/v2\/media?parent=122597"}],"wp:term":[{"taxonomy":"category","embeddable":true,"href":"https:\/\/eldiariodesanpedro.com.ar\/sitio\/wp-json\/wp\/v2\/categories?post=122597"},{"taxonomy":"post_tag","embeddable":true,"href":"https:\/\/eldiariodesanpedro.com.ar\/sitio\/wp-json\/wp\/v2\/tags?post=122597"}],"curies":[{"name":"wp","href":"https:\/\/api.w.org\/{rel}","templated":true}]}}