{"id":122594,"date":"2023-09-27T14:43:47","date_gmt":"2023-09-27T17:43:47","guid":{"rendered":"https:\/\/eldiariodesanpedro.com.ar\/sitio\/?p=122594"},"modified":"2023-09-27T14:43:49","modified_gmt":"2023-09-27T17:43:49","slug":"caso-naiara-peritajes-volvieron-a-marcar-rastros-de-sangre-en-la-casa-de-la-familia-franco","status":"publish","type":"post","link":"https:\/\/eldiariodesanpedro.com.ar\/sitio\/caso-naiara-peritajes-volvieron-a-marcar-rastros-de-sangre-en-la-casa-de-la-familia-franco\/","title":{"rendered":"Caso Naiara: Peritajes volvieron a marcar rastros de sangre en la casa de la familia Franco"},"content":{"rendered":"<!-- VideographyWP Plugin Message: Automatic video embedding prevented by plugin options. -->\n\n<p>La divisi\u00f3n canes de la Polic\u00eda Federal trabaj\u00f3 en la casa del barrio 25 de Mayo y ratific\u00f3 la presencia de sangre en el lugar adonde habr\u00edan asesinado a la mujer de 25 a\u00f1os.<\/p>\n\n\n\n<p>Tal cual lo adelantado en el aire de FM G\u00e9nesis, Personal de la Divisi\u00f3n Canes de la Polic\u00eda Federal realiz\u00f3 nuevas pericias en la casa de la familia Franco, en Bottaro y Primera Junta en el barrio 25 de Mayo.<\/p>\n\n\n\n<p>Las tareas se efectuaron en la ma\u00f1ana del lunes y los perros volvieron marcar la presencia de manchas de sangre en el mismo lugar se\u00f1alado semanas atr\u00e1s por Polic\u00eda Cient\u00edfica cuando realiz\u00f3 la prueba de luminol.<\/p>\n\n\n\n<p>A la vez los animales tambi\u00e9n marcaron la habitaci\u00f3n, lugar donde se sospecha, estuvo el cuerpo de Naiara Dur\u00e1n.<\/p>\n\n\n\n<p>De todos modos, m\u00e1s all\u00e1 de las pruebas levantadas en el lugar, a\u00fan restan conocerse los resultados de las muestras levantadas para poder saber si pertenecen a la v\u00edctima.<\/p>\n\n\n\n<p>C\u00f3mo se sabe ese domicilio es el \u00faltimo en el que se vio con vida a la joven el domingo 13 de noviembre.<img decoding=\"async\" alt=\"\" src=\"https:\/\/www.sanpedroinforma.com.ar\/visitas\/126110\"><\/p>\n","protected":false},"excerpt":{"rendered":"<p>La divisi\u00f3n canes de la Polic\u00eda Federal trabaj\u00f3 en la casa del barrio 25 de Mayo y ratific\u00f3 la presencia de sangre en el lugar adonde habr\u00edan asesinado a la mujer de 25 a\u00f1os. Tal cual lo adelantado en el aire de FM G\u00e9nesis, Personal de la Divisi\u00f3n Canes de la Polic\u00eda Federal realiz\u00f3 nuevas [&hellip;]<\/p>\n","protected":false},"author":4,"featured_media":122595,"comment_status":"closed","ping_status":"closed","sticky":false,"template":"","format":"standard","meta":{"om_disable_all_campaigns":false,"_jetpack_memberships_contains_paid_content":false,"footnotes":""},"categories":[50,101,2],"tags":[197,696,33,19],"class_list":["post-122594","post","type-post","status-publish","format-standard","has-post-thumbnail","hentry","category-destacadas","category-interes-general-locales","category-locales","tag-buenos-aires","tag-interes-general","tag-locales","tag-san-pedro"],"aioseo_notices":[],"gutentor_comment":0,"jetpack_featured_media_url":"https:\/\/eldiariodesanpedro.com.ar\/sitio\/wp-content\/uploads\/2023\/09\/0000022215-resized-1920x1080-1.jpg","jetpack_shortlink":"https:\/\/wp.me\/p6RhLt-vTk","jetpack_sharing_enabled":true,"_links":{"self":[{"href":"https:\/\/eldiariodesanpedro.com.ar\/sitio\/wp-json\/wp\/v2\/posts\/122594","targetHints":{"allow":["GET"]}}],"collection":[{"href":"https:\/\/eldiariodesanpedro.com.ar\/sitio\/wp-json\/wp\/v2\/posts"}],"about":[{"href":"https:\/\/eldiariodesanpedro.com.ar\/sitio\/wp-json\/wp\/v2\/types\/post"}],"author":[{"embeddable":true,"href":"https:\/\/eldiariodesanpedro.com.ar\/sitio\/wp-json\/wp\/v2\/users\/4"}],"replies":[{"embeddable":true,"href":"https:\/\/eldiariodesanpedro.com.ar\/sitio\/wp-json\/wp\/v2\/comments?post=122594"}],"version-history":[{"count":1,"href":"https:\/\/eldiariodesanpedro.com.ar\/sitio\/wp-json\/wp\/v2\/posts\/122594\/revisions"}],"predecessor-version":[{"id":122596,"href":"https:\/\/eldiariodesanpedro.com.ar\/sitio\/wp-json\/wp\/v2\/posts\/122594\/revisions\/122596"}],"wp:featuredmedia":[{"embeddable":true,"href":"https:\/\/eldiariodesanpedro.com.ar\/sitio\/wp-json\/wp\/v2\/media\/122595"}],"wp:attachment":[{"href":"https:\/\/eldiariodesanpedro.com.ar\/sitio\/wp-json\/wp\/v2\/media?parent=122594"}],"wp:term":[{"taxonomy":"category","embeddable":true,"href":"https:\/\/eldiariodesanpedro.com.ar\/sitio\/wp-json\/wp\/v2\/categories?post=122594"},{"taxonomy":"post_tag","embeddable":true,"href":"https:\/\/eldiariodesanpedro.com.ar\/sitio\/wp-json\/wp\/v2\/tags?post=122594"}],"curies":[{"name":"wp","href":"https:\/\/api.w.org\/{rel}","templated":true}]}}