{"id":122592,"date":"2023-09-27T14:27:34","date_gmt":"2023-09-27T17:27:34","guid":{"rendered":"https:\/\/eldiariodesanpedro.com.ar\/sitio\/?p=122592"},"modified":"2023-09-27T14:27:35","modified_gmt":"2023-09-27T17:27:35","slug":"negaron-la-excarcelacion-a-salvador-eirin-y-ordenaron-su-traslado-a-una-unidad-penal","status":"publish","type":"post","link":"https:\/\/eldiariodesanpedro.com.ar\/sitio\/negaron-la-excarcelacion-a-salvador-eirin-y-ordenaron-su-traslado-a-una-unidad-penal\/","title":{"rendered":"Negaron la excarcelaci\u00f3n a Salvador Eirin y ordenaron su traslado a una Unidad Penal"},"content":{"rendered":"<!-- VideographyWP Plugin Message: Automatic video embedding prevented by plugin options. -->\n\n<p>El joven que incendi\u00f3 intencionalmente el frente de un comercio y amenaz\u00f3 al due\u00f1o seguir\u00e1 detenido y en las pr\u00f3ximas horas ser\u00e1 trasladado a la C\u00e1rcel de San Nicol\u00e1s<\/p>\n\n\n\n<p>Tal cual lo adelantado por San Pedro Informa y FM G\u00e9nesis la situaci\u00f3n judicial del Salvador Eirin se complica a medida que pasan la horas.<\/p>\n\n\n\n<p>Pasado el mediod\u00eda del viernes se conoci\u00f3 la medida adoptada por el juzgado de garant\u00edas luego que la defensa del acusado solicitara su excarcelaci\u00f3n.<\/p>\n\n\n\n<p>Los jueces entendieron que sobran los motivos para sostener la detenci\u00f3n de Eirin y por tal motivo continuar\u00e1 tras las rejas con el agravante que se decidi\u00f3 su alojamiento en la Unidad Penal N\u00b03.<\/p>\n\n\n\n<p>\u00abExisten en autos sobrados motivos para restringir su libertad, y mantener en detenci\u00f3n al causante, a los fines de asegurar el desarrollo del procedimiento y la aplicaci\u00f3n de la ley\u00bb, explica el enunciado de los jueces.<\/p>\n\n\n\n<p>\u00abRESUELVO: 1) No conceder el beneficio de la<\/p>\n\n\n\n<p>Excarcelaci\u00f3n a Erin Salvador, bajo ninguna de sus formas, debiendo ser trasladado a la Unidad Penal N\u00ba 3 de la ciudad de San Nicol\u00e1s, en car\u00e1cter de detenido, comunicado y a disposici\u00f3n del suscripto\u00bb.<\/p>\n","protected":false},"excerpt":{"rendered":"<p>El joven que incendi\u00f3 intencionalmente el frente de un comercio y amenaz\u00f3 al due\u00f1o seguir\u00e1 detenido y en las pr\u00f3ximas horas ser\u00e1 trasladado a la C\u00e1rcel de San Nicol\u00e1s Tal cual lo adelantado por San Pedro Informa y FM G\u00e9nesis la situaci\u00f3n judicial del Salvador Eirin se complica a medida que pasan la horas. Pasado [&hellip;]<\/p>\n","protected":false},"author":4,"featured_media":122428,"comment_status":"closed","ping_status":"closed","sticky":false,"template":"","format":"standard","meta":{"om_disable_all_campaigns":false,"_jetpack_memberships_contains_paid_content":false,"footnotes":""},"categories":[50,101,2],"tags":[197,696,33,19],"class_list":["post-122592","post","type-post","status-publish","format-standard","has-post-thumbnail","hentry","category-destacadas","category-interes-general-locales","category-locales","tag-buenos-aires","tag-interes-general","tag-locales","tag-san-pedro"],"aioseo_notices":[],"gutentor_comment":0,"jetpack_featured_media_url":"https:\/\/eldiariodesanpedro.com.ar\/sitio\/wp-content\/uploads\/2023\/09\/fuego-en-local.jpg","jetpack_shortlink":"https:\/\/wp.me\/p6RhLt-vTi","jetpack_sharing_enabled":true,"_links":{"self":[{"href":"https:\/\/eldiariodesanpedro.com.ar\/sitio\/wp-json\/wp\/v2\/posts\/122592","targetHints":{"allow":["GET"]}}],"collection":[{"href":"https:\/\/eldiariodesanpedro.com.ar\/sitio\/wp-json\/wp\/v2\/posts"}],"about":[{"href":"https:\/\/eldiariodesanpedro.com.ar\/sitio\/wp-json\/wp\/v2\/types\/post"}],"author":[{"embeddable":true,"href":"https:\/\/eldiariodesanpedro.com.ar\/sitio\/wp-json\/wp\/v2\/users\/4"}],"replies":[{"embeddable":true,"href":"https:\/\/eldiariodesanpedro.com.ar\/sitio\/wp-json\/wp\/v2\/comments?post=122592"}],"version-history":[{"count":1,"href":"https:\/\/eldiariodesanpedro.com.ar\/sitio\/wp-json\/wp\/v2\/posts\/122592\/revisions"}],"predecessor-version":[{"id":122593,"href":"https:\/\/eldiariodesanpedro.com.ar\/sitio\/wp-json\/wp\/v2\/posts\/122592\/revisions\/122593"}],"wp:featuredmedia":[{"embeddable":true,"href":"https:\/\/eldiariodesanpedro.com.ar\/sitio\/wp-json\/wp\/v2\/media\/122428"}],"wp:attachment":[{"href":"https:\/\/eldiariodesanpedro.com.ar\/sitio\/wp-json\/wp\/v2\/media?parent=122592"}],"wp:term":[{"taxonomy":"category","embeddable":true,"href":"https:\/\/eldiariodesanpedro.com.ar\/sitio\/wp-json\/wp\/v2\/categories?post=122592"},{"taxonomy":"post_tag","embeddable":true,"href":"https:\/\/eldiariodesanpedro.com.ar\/sitio\/wp-json\/wp\/v2\/tags?post=122592"}],"curies":[{"name":"wp","href":"https:\/\/api.w.org\/{rel}","templated":true}]}}