{"id":122590,"date":"2023-09-27T14:05:17","date_gmt":"2023-09-27T17:05:17","guid":{"rendered":"https:\/\/eldiariodesanpedro.com.ar\/sitio\/?p=122590"},"modified":"2023-09-27T14:05:19","modified_gmt":"2023-09-27T17:05:19","slug":"un-joven-fue-detenido-este-martes-en-la-madrugada-acusado-de-abusar-de-una-joven-de-16-anos-luego-de-asistir-a-una-fiesta","status":"publish","type":"post","link":"https:\/\/eldiariodesanpedro.com.ar\/sitio\/un-joven-fue-detenido-este-martes-en-la-madrugada-acusado-de-abusar-de-una-joven-de-16-anos-luego-de-asistir-a-una-fiesta\/","title":{"rendered":"Un joven fue detenido este martes en la madrugada acusado de abusar de una joven de 16 a\u00f1os luego de asistir a una fiesta"},"content":{"rendered":"<!-- VideographyWP Plugin Message: Automatic video embedding prevented by plugin options. -->\n\n<p>El hecho se produjo el fin de semana y el acusado fue detenido el lunes a la noche. La colaboraci\u00f3n del progenitor fue determinante. Disconformidad con el accionar de la fiscal Viviani.<\/p>\n\n\n\n<p>Un joven de 23 a\u00f1os fue detenido en la madrugada del martes acusado de abusar sexualmente de una menor de 16 ocurrido el domingo a la madrugada en su propio domicilio.<\/p>\n\n\n\n<p>Todo comienza al finalizar una fiesta que se desarroll\u00f3 en el local Clov\u00e9, donde el acusado realizaba algunas tareas y como la v\u00edctima se quedaba sola porque sus amigas se iban con los novios, el acusado, a quien conoc\u00eda por su hermana, la invit\u00f3 para acercarla y ella acept\u00f3. Por el contrario, la lleva a su domicilio y la somete a pr\u00e1cticas sexuales. Luego decide alcanzarla hasta la casa, donde la joven lo primero que hace es ir al ba\u00f1o y ducharse. Ese domingo a la tardecita, despu\u00e9s que le festejaran el cumplea\u00f1os a un familiar (porque no quer\u00eda arruinar el momento) le cont\u00f3 lo que padeci\u00f3 a su hermana mayor, a su madre y posteriormente a su padre. Inmediatamente, concurrieron a la Comisar\u00eda de la Mujer a las 20.30 aproximadamente, donde relataron el hecho, el lugar donde se produjo, entre otras pruebas. All\u00ed se iniciaron las primeras medidas con pericias, los an\u00e1lisis y profilaxis en el Hospital, aunque lamentablemente hab\u00edan pasado varias horas.<\/p>\n\n\n\n<p>La causa fue derivada a la fiscal\u00eda de la Dra. Viviani. Pero al entender que no estaba actuando con la celeridad del caso y cuestionaba los pedidos que hac\u00eda la propia familia, la esposa del padre se comunica con un funcionario pol\u00edtico y a partir de ah\u00ed todo se agiliz\u00f3\u00bb. No entend\u00edan por qu\u00e9 \u00aballanaron la casa de la v\u00edctima primero y no la del autor del abuso, donde pod\u00edan desaparecer las pruebas\u00bb, situaci\u00f3n que se concret\u00f3 despu\u00e9s, sin solicitar la orden de detenci\u00f3n, porque no le hab\u00eda provocado da\u00f1o vaginal, sostuvieron desde fiscal\u00eda<\/p>\n\n\n\n<p>El propio padre, aport\u00f3 las im\u00e1genes de las c\u00e1maras de seguridad, que registr\u00f3 que ingresaron a la vivienda a las 6:23 y salieron a las 6.45, m\u00e1s mensajes de audios que envi\u00f3 a una amiga, reconociendo que se hab\u00eda \u00abmandado una cagada, no sab\u00eda que ten\u00eda 16 o 17 y yo medio mamado. Era virgen y sigue siendo, porque no ten\u00eda da\u00f1o\u00bb.<\/p>\n\n\n\n<p>Finalmente, se dio la orden de detenci\u00f3n a la 1:00 de este martes, por lo que la polic\u00eda sali\u00f3 a buscarlo y el propio padre en su veh\u00edculo, pero no lo encontraban. El joven hab\u00eda manifestado en unos de los audios que se iba \u00aba ir de este pueblo de mierda\u00bb, pero lograron ubicarlo saliendo del domicilio de un familiar. Ahora se encuentra alojado en la comisar\u00eda local, donde ser\u00e1 indagado.<\/p>\n\n\n\n<p>Tambi\u00e9n se supo que cuenta con otra denuncia, por parte de una prima, de quien ten\u00eda una medida cautelar y perimetral.<\/p>\n\n\n\n<p>La familia qued\u00f3 muy conforme con el trabajo realizado y atenci\u00f3n brindada por la Comisar\u00eda de la Mujer y la Polic\u00eda local, no as\u00ed con la justicia.<\/p>\n\n\n\n<p>Fuente: Bety Rodr\u00edguez Info<\/p>\n","protected":false},"excerpt":{"rendered":"<p>El hecho se produjo el fin de semana y el acusado fue detenido el lunes a la noche. La colaboraci\u00f3n del progenitor fue determinante. Disconformidad con el accionar de la fiscal Viviani. Un joven de 23 a\u00f1os fue detenido en la madrugada del martes acusado de abusar sexualmente de una menor de 16 ocurrido el [&hellip;]<\/p>\n","protected":false},"author":4,"featured_media":80098,"comment_status":"closed","ping_status":"closed","sticky":false,"template":"","format":"standard","meta":{"om_disable_all_campaigns":false,"_jetpack_memberships_contains_paid_content":false,"footnotes":""},"categories":[50,101,2],"tags":[197,696,33,19],"class_list":["post-122590","post","type-post","status-publish","format-standard","has-post-thumbnail","hentry","category-destacadas","category-interes-general-locales","category-locales","tag-buenos-aires","tag-interes-general","tag-locales","tag-san-pedro"],"aioseo_notices":[],"gutentor_comment":0,"jetpack_featured_media_url":"https:\/\/eldiariodesanpedro.com.ar\/sitio\/wp-content\/uploads\/2020\/08\/la-comisaria-de-la-mujer___w9ngJVkEw_640x361__1.jpg","jetpack_shortlink":"https:\/\/wp.me\/p6RhLt-vTg","jetpack_sharing_enabled":true,"_links":{"self":[{"href":"https:\/\/eldiariodesanpedro.com.ar\/sitio\/wp-json\/wp\/v2\/posts\/122590","targetHints":{"allow":["GET"]}}],"collection":[{"href":"https:\/\/eldiariodesanpedro.com.ar\/sitio\/wp-json\/wp\/v2\/posts"}],"about":[{"href":"https:\/\/eldiariodesanpedro.com.ar\/sitio\/wp-json\/wp\/v2\/types\/post"}],"author":[{"embeddable":true,"href":"https:\/\/eldiariodesanpedro.com.ar\/sitio\/wp-json\/wp\/v2\/users\/4"}],"replies":[{"embeddable":true,"href":"https:\/\/eldiariodesanpedro.com.ar\/sitio\/wp-json\/wp\/v2\/comments?post=122590"}],"version-history":[{"count":1,"href":"https:\/\/eldiariodesanpedro.com.ar\/sitio\/wp-json\/wp\/v2\/posts\/122590\/revisions"}],"predecessor-version":[{"id":122591,"href":"https:\/\/eldiariodesanpedro.com.ar\/sitio\/wp-json\/wp\/v2\/posts\/122590\/revisions\/122591"}],"wp:featuredmedia":[{"embeddable":true,"href":"https:\/\/eldiariodesanpedro.com.ar\/sitio\/wp-json\/wp\/v2\/media\/80098"}],"wp:attachment":[{"href":"https:\/\/eldiariodesanpedro.com.ar\/sitio\/wp-json\/wp\/v2\/media?parent=122590"}],"wp:term":[{"taxonomy":"category","embeddable":true,"href":"https:\/\/eldiariodesanpedro.com.ar\/sitio\/wp-json\/wp\/v2\/categories?post=122590"},{"taxonomy":"post_tag","embeddable":true,"href":"https:\/\/eldiariodesanpedro.com.ar\/sitio\/wp-json\/wp\/v2\/tags?post=122590"}],"curies":[{"name":"wp","href":"https:\/\/api.w.org\/{rel}","templated":true}]}}