{"id":122584,"date":"2023-09-27T10:29:02","date_gmt":"2023-09-27T13:29:02","guid":{"rendered":"https:\/\/eldiariodesanpedro.com.ar\/sitio\/?p=122584"},"modified":"2023-09-27T10:29:04","modified_gmt":"2023-09-27T13:29:04","slug":"el-grupo-conservacionista-publica-un-documento-donde-se-describe-un-desastre-ambiental-en-1859","status":"publish","type":"post","link":"https:\/\/eldiariodesanpedro.com.ar\/sitio\/el-grupo-conservacionista-publica-un-documento-donde-se-describe-un-desastre-ambiental-en-1859\/","title":{"rendered":"El Grupo Conservacionista publica un documento donde se describe un desastre ambiental en 1859"},"content":{"rendered":"<!-- VideographyWP Plugin Message: Automatic video embedding prevented by plugin options. -->\n\n<p><strong>Las consecuencias y medidas pol\u00edticas para mitigar una gran sequ\u00eda que devast\u00f3 la zona a mediados del siglo XIX<\/strong><\/p>\n\n\n\n<p>Un documento de cinco p\u00e1ginas hallado por el equipo del <strong>Museo Paleontol\u00f3gico de San Pedro<\/strong> y fechado en <strong>mayo de 1859<\/strong> narra al detalle, un desastre clim\u00e1tico que puso en vilo a la ganader\u00eda de toda la zona. De acuerdo a la cr\u00f3nica analizada, centenares de cabezas de ganado, desconcierto de los hacendados y un grave problema de abigeato, eran temas que preocuparon a las autoridades de la \u00e9poca inst\u00e1ndolas a redactar una reglamentaci\u00f3n que regulara los inconvenientes sociales que produc\u00eda el fen\u00f3meno.<\/p>\n\n\n\n<p>El documento brinda detalles tremendos de lo ocurrido al mencionar: \u201c<em>La Municipalidad penetrada de lo urgente de una medida que ponga a salvo alguna parte por lo menos de los intereses de los hacendados de este Partido, tan gravemente comprometidos en la <strong>actual seca<\/strong>, pues los animales se encuentran <strong>ya muertos por centenares<\/strong>, en diferentes localidades ha o\u00eddo el parecer de varios hacendados y tomado en consideraci\u00f3n el consejo de otros, que aleccionados por la experiencia en otras secas, han comprendido la utilidad de adoptar una medida general para todo el Partido\u201d.<\/em><\/p>\n\n\n\n<p>Era tan grave la situaci\u00f3n que las autoridades expresaban que<em> \u201cel instinto de conservaci\u00f3n ha hecho olvidar a todas las haciendas su querencia, que hambrientas y sedientas, andan a la ventura por todos los campos en busca de pasto y aguadas, de modo que se encuentran mesturadas y confundidas con las marcas de todo el partido\u201d.<\/em><\/p>\n\n\n\n<p>La situaci\u00f3n era tan grave que<em> \u201cmuchos hacendados no pueden cuerear sus vacas empantanadas en sus propios campos por falta de peones, y m\u00e1s que todo de suficiente fuerza en sus caballos\u201d, seg\u00fan describe el documento.<\/em><\/p>\n\n\n\n<p>Para intentar ordenar, m\u00ednimamente, el desastre que se produc\u00eda con cientos de animales muertos en los campos y el accionar de personas que aprovechaban para cuerear animales ajenos e intentar comerciar con esos cueros, el municipio redacta una ordenanza donde se proclama como el \u00fanico encargado para llevar adelante la tarea de cuereada y divide el partido por distritos. En cada uno de ellos arma un \u201c<strong><em>estaqueadero<\/em><\/strong>\u201d, que era un lugar de tratamiento y acopio de los cueros de aquellos animales; para luego ser enviados a un dep\u00f3sito general existente en San Pedro.<\/p>\n\n\n\n<p>Tambi\u00e9n se designa a los responsables de cada estaqueadero y la zona en la que pod\u00eda cuerear cada uno, mencionando que deb\u00eda ser\u201c<em>un encargado especial de esta operaci\u00f3n, que ofrezca las suficientes garant\u00edas de responsabilidad y de reconocida hombr\u00eda de bien<\/em>\u201d.<\/p>\n\n\n\n<p>Los hombres encargados de cuerear los animales muertos por aquella sequ\u00eda fueron Don Gregorio Negrete, Manuel Pardo, Roque Palacios, Benjam\u00edn Andrada, Marcos Demarchi, Manuel Cobo, Facundo Quiroga, Pedro Vallejos, Don Rosa Ferreyra, Mariano Olivero, Justo Morales, Cornelio N. Villar, Jos\u00e9 Gaffarot, Sim\u00f3n Banegas, Ambrosio Canosa, Lorenzo Molero, el mayordomo de Castro, Hip\u00f3lito Soler, Manuel Obligado, Luis Obligado, Ram\u00f3n Lavallol y Don Inocencio Oliveros.<\/p>\n\n\n\n<p>Esta sequ\u00eda fue una de varias que asolaron la regi\u00f3n pampeana durante el siglo XIX matando millares de animales y complicando al extremo la subsistencia de muchas familias.<\/p>\n\n\n\n<p>Al respecto, el <strong>Dr. Eduardo Tonni<\/strong>, paleont\u00f3logo de la Universidad Nacional de La Plata y experto en ambientes del pasado reciente, destac\u00f3 la importancia hist\u00f3rica del informe rescatado por el Grupo Conservacionista.<\/p>\n\n\n\n<p>Seg\u00fan explica el reconocido paleo climat\u00f3logo \u201c<em>Las secas del siglo XIX fueron dominantes en la regi\u00f3n pampeana dentro de las condiciones clim\u00e1ticas que con figuraron la llamada Peque\u00f1a Edad de Hielo, evento que tuvo una marcada expresi\u00f3n entre el siglo XVIII y bien entrada la segunda mitad del XIX.&nbsp; Una seca singularmente significativa fue la relatada por Charles Darwin cuando visit\u00f3 Argentina durante su periplo entre 1831 y 1836 a bordo del nav\u00edo ingl\u00e9s Beagle. <\/em><em>Darwin permaneci\u00f3 en dis<\/em><em>ti<\/em><em>ntos puntos del actual territorio argent<\/em><em>i<\/em><em>no desde el 24 de julio de 1833 hasta el 10 de junio de 1834. Seg\u00fan relat\u00f3 el naturalista: \u00b4En tanto viajaba a trav\u00e9s del pa\u00eds recib\u00ed v\u00edvidas impresiones de los efectos causados por la \u00fal<\/em><em>ti<\/em><em>ma gran sequ\u00eda\u2026El per\u00edodo comprendido entre los a\u00f1os 1827 y 1832 se llama el \u00abGran Seco\u00bb o la gran sequ\u00eda. Durante ese <\/em><em>tiempo<\/em><em> fue tan escasa la lluvia ca\u00edda, que no creci\u00f3 ninguna planta, ni siquiera cardos; los arroyos se secaron, y todo el pa\u00eds tom\u00f3 el aspecto de un polvoriento camino carretero. As\u00ed ocurri\u00f3 especialmente en la parte septentrional de la provincia de Buenos Aires y meridional de Santa Fe. Pereci\u00f3 un gran n\u00famero de aves, animales silvestres, ganado vacuno y caballar por falta de alimento y agua\u2026El c\u00e1lculo m\u00e1s bajo supone que se perdieron s\u00f3lo en la provincia de Buenos Aires un mill\u00f3n de cabezas. Un ganadero de San Pedro ten\u00eda 20.000 reses con anterioridad a esos a\u00f1os, y al fin no le qued\u00f3 ni una<\/em>\u00b4.<\/p>\n\n\n\n<p>El <strong>Dr. Eduardo Tonni<\/strong> agrega que \u201c<em>El informe rescatado por el <strong>Grupo Conservacionista<\/strong> es otra de las evidencias acerca de las frecuentes secas del siglo XIX. Parte de esta informaci\u00f3n fue resumida por<\/em><em> los ge\u00f3logos Jos\u00e9 Mar\u00eda Suriano y Luis Humberto Ferpozzi<\/em><em> en el ar<\/em><em>t\u00ed<\/em><em>culo titulado Los cambios clim\u00e1ticos en la pampa tambi\u00e9n son historia (1993). All\u00ed los autores <\/em><em>hacen referencia a \u00b4\u2026lo que los climat\u00f3logos han dado en llamar peque\u00f1a edad del hielo, que es un per\u00edodo donde las temperaturas medias mundiales fueron 1\/2\u00b0 o 1\u00b0 C inferiores a las actuales\u2026\u00b4.<\/em><\/p>\n\n\n\n<p><em>La peque\u00f1a edad del hielo finaliz\u00f3 a mediados del siglo XIX. Casi todos los viajeros, cien<\/em><em>t\u00ed<\/em><em>ficos o no, que visitaron la pampa con anterioridad, coinciden en definir al territorio m\u00e1s all\u00e1 del Salado como un desierto, y efec<\/em><em>ti<\/em><em>vamente eso debi\u00f3 ser (en todo caso una estepa semides\u00e9r<\/em><em>ti<\/em><em>ca) con prolongadas sequ\u00edas, donde los m\u00e9danos vivos asomar\u00edan aqu\u00ed y all\u00e1. La traves\u00eda de Buenos Aires haciaTandil y Bah\u00eda Blanca era considerada suicida sin baqueano y el problema principal no era un encuentro casual con los indios, sino la falta de agua<\/em>\u201d, finaliza Tonni.<\/p>\n\n\n\n<p>La transcripci\u00f3n del documento completo puede leerse en el Facebook del Museo:<\/p>\n\n\n\n<p>Museo Paleontol\u00f3gico de San Pedro \u201cFray Manuel de Torres\u201d<\/p>\n","protected":false},"excerpt":{"rendered":"<p>Las consecuencias y medidas pol\u00edticas para mitigar una gran sequ\u00eda que devast\u00f3 la zona a mediados del siglo XIX Un documento de cinco p\u00e1ginas hallado por el equipo del Museo Paleontol\u00f3gico de San Pedro y fechado en mayo de 1859 narra al detalle, un desastre clim\u00e1tico que puso en vilo a la ganader\u00eda de toda [&hellip;]<\/p>\n","protected":false},"author":4,"featured_media":122586,"comment_status":"closed","ping_status":"closed","sticky":false,"template":"","format":"standard","meta":{"om_disable_all_campaigns":false,"_jetpack_memberships_contains_paid_content":false,"footnotes":""},"categories":[50,101,2],"tags":[],"class_list":["post-122584","post","type-post","status-publish","format-standard","has-post-thumbnail","hentry","category-destacadas","category-interes-general-locales","category-locales"],"aioseo_notices":[],"gutentor_comment":0,"jetpack_featured_media_url":"https:\/\/eldiariodesanpedro.com.ar\/sitio\/wp-content\/uploads\/2023\/09\/IMG_20230922_200823782.jpg","jetpack_shortlink":"https:\/\/wp.me\/p6RhLt-vTa","jetpack_sharing_enabled":true,"_links":{"self":[{"href":"https:\/\/eldiariodesanpedro.com.ar\/sitio\/wp-json\/wp\/v2\/posts\/122584","targetHints":{"allow":["GET"]}}],"collection":[{"href":"https:\/\/eldiariodesanpedro.com.ar\/sitio\/wp-json\/wp\/v2\/posts"}],"about":[{"href":"https:\/\/eldiariodesanpedro.com.ar\/sitio\/wp-json\/wp\/v2\/types\/post"}],"author":[{"embeddable":true,"href":"https:\/\/eldiariodesanpedro.com.ar\/sitio\/wp-json\/wp\/v2\/users\/4"}],"replies":[{"embeddable":true,"href":"https:\/\/eldiariodesanpedro.com.ar\/sitio\/wp-json\/wp\/v2\/comments?post=122584"}],"version-history":[{"count":1,"href":"https:\/\/eldiariodesanpedro.com.ar\/sitio\/wp-json\/wp\/v2\/posts\/122584\/revisions"}],"predecessor-version":[{"id":122587,"href":"https:\/\/eldiariodesanpedro.com.ar\/sitio\/wp-json\/wp\/v2\/posts\/122584\/revisions\/122587"}],"wp:featuredmedia":[{"embeddable":true,"href":"https:\/\/eldiariodesanpedro.com.ar\/sitio\/wp-json\/wp\/v2\/media\/122586"}],"wp:attachment":[{"href":"https:\/\/eldiariodesanpedro.com.ar\/sitio\/wp-json\/wp\/v2\/media?parent=122584"}],"wp:term":[{"taxonomy":"category","embeddable":true,"href":"https:\/\/eldiariodesanpedro.com.ar\/sitio\/wp-json\/wp\/v2\/categories?post=122584"},{"taxonomy":"post_tag","embeddable":true,"href":"https:\/\/eldiariodesanpedro.com.ar\/sitio\/wp-json\/wp\/v2\/tags?post=122584"}],"curies":[{"name":"wp","href":"https:\/\/api.w.org\/{rel}","templated":true}]}}