{"id":12258,"date":"2017-01-04T20:05:36","date_gmt":"2017-01-04T23:05:36","guid":{"rendered":"https:\/\/eldiariodesanpedro.com.ar\/sitio\/?p=12258"},"modified":"2017-01-04T20:05:36","modified_gmt":"2017-01-04T23:05:36","slug":"salazar-junto-a-intendentes-de-cambiemos-se-dieron-cita-para-planificar-el-uso-de-fondos-para-infraestructura","status":"publish","type":"post","link":"https:\/\/eldiariodesanpedro.com.ar\/sitio\/salazar-junto-a-intendentes-de-cambiemos-se-dieron-cita-para-planificar-el-uso-de-fondos-para-infraestructura\/","title":{"rendered":"Salazar junto a intendentes de Cambiemos se dieron cita para planificar el uso de fondos para Infraestructura"},"content":{"rendered":"<p><!-- VideographyWP Plugin Message: Automatic video embedding prevented by plugin options. --><br \/>\nLa cumbre de intendentes bonaerenses de Cambiemos se llev\u00f3 a cabo hoy en Lan\u00fas, participaron unos 70 jefes comunales, entre ellos nuestro jefe comunal. La iniciativa tiene como objetivo coordinar gesti\u00f3n de obras en sus distritos.<\/p>\n<p>\u201cNos vamos con muchas expectativas de obras\u201d, dijo Salazar a Canalweb San Pedro y agreg\u00f3: \u201cAntes del 30 de enero tenemos que presentar cu\u00e1les queremos hacer. El viernes me reuno con el equipo de Obras P\u00fablicas para analizar las prioridades\u201d.<\/p>\n<p>El encuentro se desarroll\u00f3 en el Quincho 3 del Club Atl\u00e9tico Lan\u00fas y cont\u00f3 adem\u00e1s con la presencia de los secretarios de obras p\u00fablicas de las distintas comunas.<\/p>\n<p>La apertura de la reuni\u00f3n estuvo a cargo del vicegobernador bonaerense, Daniel Salvador.<br \/>\nPosteriormente, el subsecretario de Desarrollo de Infraestructura, Luis Gim\u00e9nez, brind\u00f3 detalles sobre la gesti\u00f3n del Fondo de Infraestructura, que tiene asignado 8.500 millones de pesos para el presente a\u00f1o.<\/p>\n<p>Luego, el ministro de Trabajo bonaerense, Marcelo Villegas, explic\u00f3 la situaci\u00f3n de las negociaciones paritarias, donde hay desplegado un cap\u00edtulo muy importante referente a los trabajadores municipales.<\/p>\n<p>Para el final de la reuni\u00f3n estuvo prevista la palabra del ministro de Gobierno, Joaqu\u00edn De La Torre, quien se explay\u00f3 sobre el Presupuesto y temas tarifarios y luego continu\u00f3 el encuentro con una exposici\u00f3n del secretario de Comunicaci\u00f3n, Federico Su\u00e1rez, sobre Comunicaci\u00f3n y Panorama Pol\u00edtico.<\/p>\n<p>El cierre del encuentro, que se realiz\u00f3 despu\u00e9s del mediod\u00eda, estuvo a cargo del subsecretario de Gobierno y Asuntos Municipales, Alex Campbell.<\/p>\n","protected":false},"excerpt":{"rendered":"<p>La cumbre de intendentes bonaerenses de Cambiemos se llev\u00f3 a cabo hoy en Lan\u00fas, participaron unos 70 jefes comunales, entre ellos nuestro jefe comunal. La iniciativa tiene como objetivo coordinar gesti\u00f3n de obras en sus distritos. \u201cNos vamos con muchas expectativas de obras\u201d, dijo Salazar a Canalweb San Pedro y agreg\u00f3: \u201cAntes del 30 de [&hellip;]<\/p>\n","protected":false},"author":4,"featured_media":12259,"comment_status":"open","ping_status":"closed","sticky":false,"template":"","format":"standard","meta":{"om_disable_all_campaigns":false,"_jetpack_memberships_contains_paid_content":false,"footnotes":""},"categories":[50,2,102],"tags":[],"class_list":["post-12258","post","type-post","status-publish","format-standard","has-post-thumbnail","hentry","category-destacadas","category-locales","category-politica-locales"],"aioseo_notices":[],"gutentor_comment":0,"jetpack_featured_media_url":"https:\/\/eldiariodesanpedro.com.ar\/sitio\/wp-content\/uploads\/2017\/01\/Salazar-en-la-foto-que-fue-tomada-tras-la-finalizaci\u00f3n-de-la-jornada.jpeg","jetpack_shortlink":"https:\/\/wp.me\/p6RhLt-3bI","jetpack_sharing_enabled":true,"_links":{"self":[{"href":"https:\/\/eldiariodesanpedro.com.ar\/sitio\/wp-json\/wp\/v2\/posts\/12258","targetHints":{"allow":["GET"]}}],"collection":[{"href":"https:\/\/eldiariodesanpedro.com.ar\/sitio\/wp-json\/wp\/v2\/posts"}],"about":[{"href":"https:\/\/eldiariodesanpedro.com.ar\/sitio\/wp-json\/wp\/v2\/types\/post"}],"author":[{"embeddable":true,"href":"https:\/\/eldiariodesanpedro.com.ar\/sitio\/wp-json\/wp\/v2\/users\/4"}],"replies":[{"embeddable":true,"href":"https:\/\/eldiariodesanpedro.com.ar\/sitio\/wp-json\/wp\/v2\/comments?post=12258"}],"version-history":[{"count":2,"href":"https:\/\/eldiariodesanpedro.com.ar\/sitio\/wp-json\/wp\/v2\/posts\/12258\/revisions"}],"predecessor-version":[{"id":12261,"href":"https:\/\/eldiariodesanpedro.com.ar\/sitio\/wp-json\/wp\/v2\/posts\/12258\/revisions\/12261"}],"wp:featuredmedia":[{"embeddable":true,"href":"https:\/\/eldiariodesanpedro.com.ar\/sitio\/wp-json\/wp\/v2\/media\/12259"}],"wp:attachment":[{"href":"https:\/\/eldiariodesanpedro.com.ar\/sitio\/wp-json\/wp\/v2\/media?parent=12258"}],"wp:term":[{"taxonomy":"category","embeddable":true,"href":"https:\/\/eldiariodesanpedro.com.ar\/sitio\/wp-json\/wp\/v2\/categories?post=12258"},{"taxonomy":"post_tag","embeddable":true,"href":"https:\/\/eldiariodesanpedro.com.ar\/sitio\/wp-json\/wp\/v2\/tags?post=12258"}],"curies":[{"name":"wp","href":"https:\/\/api.w.org\/{rel}","templated":true}]}}