{"id":122579,"date":"2023-09-27T10:13:09","date_gmt":"2023-09-27T13:13:09","guid":{"rendered":"https:\/\/eldiariodesanpedro.com.ar\/sitio\/?p=122579"},"modified":"2023-09-27T10:13:11","modified_gmt":"2023-09-27T13:13:11","slug":"en-olavarria-el-intendente-cecilio-salazar-recibio-una-nueva-ambulancia-que-se-convertira-en-unidad-de-alta-complejidad","status":"publish","type":"post","link":"https:\/\/eldiariodesanpedro.com.ar\/sitio\/en-olavarria-el-intendente-cecilio-salazar-recibio-una-nueva-ambulancia-que-se-convertira-en-unidad-de-alta-complejidad\/","title":{"rendered":"En Olavarr\u00eda el Intendente Cecilio Salazar recibi\u00f3 una nueva ambulancia que se convertir\u00e1 en unidad de Alta Complejidad"},"content":{"rendered":"<!-- VideographyWP Plugin Message: Automatic video embedding prevented by plugin options. -->\n\n<p>El Intendente Cecilio Salazar particip\u00f3 hoy de actos y recorridas que realiz\u00f3 el gobernador de la provincia de Buenos Aires Axel Kicillof junto a los ministros de Salud Nicolas Kreplak y de Seguridad Sergio Berni.<\/p>\n\n\n\n<p>En el Hospital Municipal Dr. H\u00e9ctor M. Cura, el gobernador entreg\u00f3 ambulancias e insumos hospitalarios a diferentes municipios. San Pedro recibi\u00f3 un veh\u00edculo 0 KM que ser\u00e1 equipado para prestar servicios como Unidad de Alta Complejidad, dentro de la flota de la Secretar\u00eda de Salud de la Municipalidad de San Pedro.<\/p>\n\n\n\n<p>En esta parte de su visita a Olavarr\u00eda, el gobernador reafirm\u00f3 el compromiso con la salud p\u00fablica de todos los distritos y destac\u00f3 la inversi\u00f3n que se realiza para darle la mayor cobertura posible a los y las bonaerenses.<\/p>\n\n\n\n<p>Dentro de la misma agenda, en la Escuela de Polic\u00eda Juan Vucetich ubicada en el Cerro Fortabat en la localidad de Loma Negra junto al Ministro Berni presentaron drones de videovigilancia destinados a la zona rural de la provincia de Buenos Aires.<\/p>\n\n\n\n<p>Con el objetivo de darle una mayor eficiencia a la cobertura de la vasta zona rural de la provincia se comienza a implementar un plan que cuenta con 10 aeronaves que se ir\u00e1 ampliando paulatinamente. Los drones vuelan a una altura m\u00e1xima de 6.000 metros con una c\u00e1mara que gira de acuerdo al operador en tierra y transmite im\u00e1genes en tiempo real a 200 kil\u00f3metros de donde est\u00e1 operando y desde all\u00ed estos Centros\u00a0de\u00a0Operaciones.<\/p>\n\n\n\n<figure class=\"wp-block-image size-full\"><img decoding=\"async\" width=\"945\" height=\"630\" data-attachment-id=\"122581\" data-permalink=\"https:\/\/eldiariodesanpedro.com.ar\/sitio\/en-olavarria-el-intendente-cecilio-salazar-recibio-una-nueva-ambulancia-que-se-convertira-en-unidad-de-alta-complejidad\/imagen-de-whatsapp-2023-09-26-a-las-19-49-45\/\" data-orig-file=\"https:\/\/eldiariodesanpedro.com.ar\/sitio\/wp-content\/uploads\/2023\/09\/Imagen-de-WhatsApp-2023-09-26-a-las-19.49.45.jpg\" data-orig-size=\"945,630\" data-comments-opened=\"0\" data-image-meta=\"{&quot;aperture&quot;:&quot;0&quot;,&quot;credit&quot;:&quot;&quot;,&quot;camera&quot;:&quot;&quot;,&quot;caption&quot;:&quot;&quot;,&quot;created_timestamp&quot;:&quot;0&quot;,&quot;copyright&quot;:&quot;&quot;,&quot;focal_length&quot;:&quot;0&quot;,&quot;iso&quot;:&quot;0&quot;,&quot;shutter_speed&quot;:&quot;0&quot;,&quot;title&quot;:&quot;&quot;,&quot;orientation&quot;:&quot;0&quot;}\" data-image-title=\"Imagen de WhatsApp 2023-09-26 a las 19.49.45\" data-image-description=\"\" data-image-caption=\"\" data-large-file=\"https:\/\/eldiariodesanpedro.com.ar\/sitio\/wp-content\/uploads\/2023\/09\/Imagen-de-WhatsApp-2023-09-26-a-las-19.49.45.jpg\" data-src=\"https:\/\/eldiariodesanpedro.com.ar\/sitio\/wp-content\/uploads\/2023\/09\/Imagen-de-WhatsApp-2023-09-26-a-las-19.49.45.jpg\" alt=\"\" class=\"wp-image-122581 lazyload\" data-srcset=\"https:\/\/eldiariodesanpedro.com.ar\/sitio\/wp-content\/uploads\/2023\/09\/Imagen-de-WhatsApp-2023-09-26-a-las-19.49.45.jpg 945w, https:\/\/eldiariodesanpedro.com.ar\/sitio\/wp-content\/uploads\/2023\/09\/Imagen-de-WhatsApp-2023-09-26-a-las-19.49.45-300x200.jpg 300w, https:\/\/eldiariodesanpedro.com.ar\/sitio\/wp-content\/uploads\/2023\/09\/Imagen-de-WhatsApp-2023-09-26-a-las-19.49.45-768x512.jpg 768w\" data-sizes=\"(max-width: 945px) 100vw, 945px\" src=\"data:image\/svg+xml;base64,PHN2ZyB3aWR0aD0iMSIgaGVpZ2h0PSIxIiB4bWxucz0iaHR0cDovL3d3dy53My5vcmcvMjAwMC9zdmciPjwvc3ZnPg==\" style=\"--smush-placeholder-width: 945px; --smush-placeholder-aspect-ratio: 945\/630;\" \/><\/figure>\n\n\n\n<figure class=\"wp-block-image size-large\"><img decoding=\"async\" width=\"1024\" height=\"473\" data-attachment-id=\"122580\" data-permalink=\"https:\/\/eldiariodesanpedro.com.ar\/sitio\/en-olavarria-el-intendente-cecilio-salazar-recibio-una-nueva-ambulancia-que-se-convertira-en-unidad-de-alta-complejidad\/imagen-de-whatsapp-2023-09-26-a-las-19-49-44\/\" data-orig-file=\"https:\/\/eldiariodesanpedro.com.ar\/sitio\/wp-content\/uploads\/2023\/09\/Imagen-de-WhatsApp-2023-09-26-a-las-19.49.44.jpg\" data-orig-size=\"1200,554\" data-comments-opened=\"0\" data-image-meta=\"{&quot;aperture&quot;:&quot;0&quot;,&quot;credit&quot;:&quot;&quot;,&quot;camera&quot;:&quot;&quot;,&quot;caption&quot;:&quot;&quot;,&quot;created_timestamp&quot;:&quot;0&quot;,&quot;copyright&quot;:&quot;&quot;,&quot;focal_length&quot;:&quot;0&quot;,&quot;iso&quot;:&quot;0&quot;,&quot;shutter_speed&quot;:&quot;0&quot;,&quot;title&quot;:&quot;&quot;,&quot;orientation&quot;:&quot;0&quot;}\" data-image-title=\"Imagen de WhatsApp 2023-09-26 a las 19.49.44\" data-image-description=\"\" data-image-caption=\"\" data-large-file=\"https:\/\/eldiariodesanpedro.com.ar\/sitio\/wp-content\/uploads\/2023\/09\/Imagen-de-WhatsApp-2023-09-26-a-las-19.49.44-1024x473.jpg\" data-src=\"https:\/\/eldiariodesanpedro.com.ar\/sitio\/wp-content\/uploads\/2023\/09\/Imagen-de-WhatsApp-2023-09-26-a-las-19.49.44-1024x473.jpg\" alt=\"\" class=\"wp-image-122580 lazyload\" data-srcset=\"https:\/\/eldiariodesanpedro.com.ar\/sitio\/wp-content\/uploads\/2023\/09\/Imagen-de-WhatsApp-2023-09-26-a-las-19.49.44-1024x473.jpg 1024w, https:\/\/eldiariodesanpedro.com.ar\/sitio\/wp-content\/uploads\/2023\/09\/Imagen-de-WhatsApp-2023-09-26-a-las-19.49.44-300x139.jpg 300w, https:\/\/eldiariodesanpedro.com.ar\/sitio\/wp-content\/uploads\/2023\/09\/Imagen-de-WhatsApp-2023-09-26-a-las-19.49.44-768x355.jpg 768w, https:\/\/eldiariodesanpedro.com.ar\/sitio\/wp-content\/uploads\/2023\/09\/Imagen-de-WhatsApp-2023-09-26-a-las-19.49.44.jpg 1200w\" data-sizes=\"(max-width: 1024px) 100vw, 1024px\" src=\"data:image\/svg+xml;base64,PHN2ZyB3aWR0aD0iMSIgaGVpZ2h0PSIxIiB4bWxucz0iaHR0cDovL3d3dy53My5vcmcvMjAwMC9zdmciPjwvc3ZnPg==\" style=\"--smush-placeholder-width: 1024px; --smush-placeholder-aspect-ratio: 1024\/473;\" \/><\/figure>\n","protected":false},"excerpt":{"rendered":"<p>El Intendente Cecilio Salazar particip\u00f3 hoy de actos y recorridas que realiz\u00f3 el gobernador de la provincia de Buenos Aires Axel Kicillof junto a los ministros de Salud Nicolas Kreplak y de Seguridad Sergio Berni. En el Hospital Municipal Dr. H\u00e9ctor M. Cura, el gobernador entreg\u00f3 ambulancias e insumos hospitalarios a diferentes municipios. San Pedro [&hellip;]<\/p>\n","protected":false},"author":4,"featured_media":122582,"comment_status":"closed","ping_status":"closed","sticky":false,"template":"","format":"standard","meta":{"om_disable_all_campaigns":false,"_jetpack_memberships_contains_paid_content":false,"footnotes":""},"categories":[50,101,2],"tags":[197,696,33,19],"class_list":["post-122579","post","type-post","status-publish","format-standard","has-post-thumbnail","hentry","category-destacadas","category-interes-general-locales","category-locales","tag-buenos-aires","tag-interes-general","tag-locales","tag-san-pedro"],"aioseo_notices":[],"gutentor_comment":0,"jetpack_featured_media_url":"https:\/\/eldiariodesanpedro.com.ar\/sitio\/wp-content\/uploads\/2023\/09\/Imagen-de-WhatsApp-2023-09-26-a-las-19.49.46.jpg","jetpack_shortlink":"https:\/\/wp.me\/p6RhLt-vT5","jetpack_sharing_enabled":true,"_links":{"self":[{"href":"https:\/\/eldiariodesanpedro.com.ar\/sitio\/wp-json\/wp\/v2\/posts\/122579","targetHints":{"allow":["GET"]}}],"collection":[{"href":"https:\/\/eldiariodesanpedro.com.ar\/sitio\/wp-json\/wp\/v2\/posts"}],"about":[{"href":"https:\/\/eldiariodesanpedro.com.ar\/sitio\/wp-json\/wp\/v2\/types\/post"}],"author":[{"embeddable":true,"href":"https:\/\/eldiariodesanpedro.com.ar\/sitio\/wp-json\/wp\/v2\/users\/4"}],"replies":[{"embeddable":true,"href":"https:\/\/eldiariodesanpedro.com.ar\/sitio\/wp-json\/wp\/v2\/comments?post=122579"}],"version-history":[{"count":1,"href":"https:\/\/eldiariodesanpedro.com.ar\/sitio\/wp-json\/wp\/v2\/posts\/122579\/revisions"}],"predecessor-version":[{"id":122583,"href":"https:\/\/eldiariodesanpedro.com.ar\/sitio\/wp-json\/wp\/v2\/posts\/122579\/revisions\/122583"}],"wp:featuredmedia":[{"embeddable":true,"href":"https:\/\/eldiariodesanpedro.com.ar\/sitio\/wp-json\/wp\/v2\/media\/122582"}],"wp:attachment":[{"href":"https:\/\/eldiariodesanpedro.com.ar\/sitio\/wp-json\/wp\/v2\/media?parent=122579"}],"wp:term":[{"taxonomy":"category","embeddable":true,"href":"https:\/\/eldiariodesanpedro.com.ar\/sitio\/wp-json\/wp\/v2\/categories?post=122579"},{"taxonomy":"post_tag","embeddable":true,"href":"https:\/\/eldiariodesanpedro.com.ar\/sitio\/wp-json\/wp\/v2\/tags?post=122579"}],"curies":[{"name":"wp","href":"https:\/\/api.w.org\/{rel}","templated":true}]}}