{"id":122572,"date":"2023-09-26T11:54:56","date_gmt":"2023-09-26T14:54:56","guid":{"rendered":"https:\/\/eldiariodesanpedro.com.ar\/sitio\/?p=122572"},"modified":"2023-09-26T11:54:58","modified_gmt":"2023-09-26T14:54:58","slug":"finalizaron-las-tareas-de-extincion-de-incendios-en-zona-de-islas","status":"publish","type":"post","link":"https:\/\/eldiariodesanpedro.com.ar\/sitio\/finalizaron-las-tareas-de-extincion-de-incendios-en-zona-de-islas\/","title":{"rendered":"Finalizaron las tareas de extinci\u00f3n de incendios en zona de islas"},"content":{"rendered":"<!-- VideographyWP Plugin Message: Automatic video embedding prevented by plugin options. -->\n\n<p>Desde el mediod\u00eda del domingo se dieron por finalizadas las tareas de extinci\u00f3n de incendios en zona de islas frente a nuestra ciudad, en jurisdicci\u00f3n de la Provincia de Entre R\u00edos.<\/p>\n\n\n\n<p>El Intendente Cecilio Salazar agradeci\u00f3 el esfuerzo y profesionalismo puesto por parte de todos durante ocho intensos d\u00edas de trabajo.<\/p>\n\n\n\n<p>Tanto los distintos grupos de brigadistas como los medios a\u00e9reos utilizados emprendieron el regreso a sus respectivas bases operativas.<\/p>\n","protected":false},"excerpt":{"rendered":"<p>Desde el mediod\u00eda del domingo se dieron por finalizadas las tareas de extinci\u00f3n de incendios en zona de islas frente a nuestra ciudad, en jurisdicci\u00f3n de la Provincia de Entre R\u00edos. El Intendente Cecilio Salazar agradeci\u00f3 el esfuerzo y profesionalismo puesto por parte de todos durante ocho intensos d\u00edas de trabajo. Tanto los distintos grupos [&hellip;]<\/p>\n","protected":false},"author":4,"featured_media":122490,"comment_status":"closed","ping_status":"closed","sticky":false,"template":"","format":"standard","meta":{"om_disable_all_campaigns":false,"_jetpack_memberships_contains_paid_content":false,"footnotes":""},"categories":[50,101,2],"tags":[],"class_list":["post-122572","post","type-post","status-publish","format-standard","has-post-thumbnail","hentry","category-destacadas","category-interes-general-locales","category-locales"],"aioseo_notices":[],"gutentor_comment":0,"jetpack_featured_media_url":"https:\/\/eldiariodesanpedro.com.ar\/sitio\/wp-content\/uploads\/2023\/09\/Imagen-de-WhatsApp-2023-09-21-a-las-13.01.26.jpg","jetpack_shortlink":"https:\/\/wp.me\/p6RhLt-vSY","jetpack_sharing_enabled":true,"_links":{"self":[{"href":"https:\/\/eldiariodesanpedro.com.ar\/sitio\/wp-json\/wp\/v2\/posts\/122572","targetHints":{"allow":["GET"]}}],"collection":[{"href":"https:\/\/eldiariodesanpedro.com.ar\/sitio\/wp-json\/wp\/v2\/posts"}],"about":[{"href":"https:\/\/eldiariodesanpedro.com.ar\/sitio\/wp-json\/wp\/v2\/types\/post"}],"author":[{"embeddable":true,"href":"https:\/\/eldiariodesanpedro.com.ar\/sitio\/wp-json\/wp\/v2\/users\/4"}],"replies":[{"embeddable":true,"href":"https:\/\/eldiariodesanpedro.com.ar\/sitio\/wp-json\/wp\/v2\/comments?post=122572"}],"version-history":[{"count":1,"href":"https:\/\/eldiariodesanpedro.com.ar\/sitio\/wp-json\/wp\/v2\/posts\/122572\/revisions"}],"predecessor-version":[{"id":122573,"href":"https:\/\/eldiariodesanpedro.com.ar\/sitio\/wp-json\/wp\/v2\/posts\/122572\/revisions\/122573"}],"wp:featuredmedia":[{"embeddable":true,"href":"https:\/\/eldiariodesanpedro.com.ar\/sitio\/wp-json\/wp\/v2\/media\/122490"}],"wp:attachment":[{"href":"https:\/\/eldiariodesanpedro.com.ar\/sitio\/wp-json\/wp\/v2\/media?parent=122572"}],"wp:term":[{"taxonomy":"category","embeddable":true,"href":"https:\/\/eldiariodesanpedro.com.ar\/sitio\/wp-json\/wp\/v2\/categories?post=122572"},{"taxonomy":"post_tag","embeddable":true,"href":"https:\/\/eldiariodesanpedro.com.ar\/sitio\/wp-json\/wp\/v2\/tags?post=122572"}],"curies":[{"name":"wp","href":"https:\/\/api.w.org\/{rel}","templated":true}]}}