{"id":122565,"date":"2023-09-26T11:17:27","date_gmt":"2023-09-26T14:17:27","guid":{"rendered":"https:\/\/eldiariodesanpedro.com.ar\/sitio\/?p=122565"},"modified":"2023-09-26T11:17:28","modified_gmt":"2023-09-26T14:17:28","slug":"el-intendente-cecilio-salazar-recibio-un-nuevo-vehiculo-para-la-direccion-de-ambiente-en-un-acto-encabezado-por-el-gobernador-kicillof","status":"publish","type":"post","link":"https:\/\/eldiariodesanpedro.com.ar\/sitio\/el-intendente-cecilio-salazar-recibio-un-nuevo-vehiculo-para-la-direccion-de-ambiente-en-un-acto-encabezado-por-el-gobernador-kicillof\/","title":{"rendered":"El Intendente Cecilio Salazar recibi\u00f3 un nuevo veh\u00edculo para la Direcci\u00f3n de Ambiente en un acto encabezado por el Gobernador Kicillof"},"content":{"rendered":"<!-- VideographyWP Plugin Message: Automatic video embedding prevented by plugin options. -->\n\n<p>El gobernador de la provincia de Buenos Aires, Axel Kicillof, encabez\u00f3 este lunes el acto de entrega de camionetas para escuelas de educaci\u00f3n especial y camiones que permitir\u00e1n fortalecer las pol\u00edticas ambientales en los municipios. Fue en el Estadio \u00danico Diego Armando Maradona de la ciudad de La Plata, junto al director general de Cultura y Educaci\u00f3n, Alberto Sileoni y la ministra de Ambiente, Daniela Vilar.<\/p>\n\n\n\n<p>El Intendente de San Pedro, Cecilio Salazar particip\u00f3 junto a jefes comunales de otros distritos y recibi\u00f3 para nuestra localidad la confirmaci\u00f3n de que se enviar\u00e1 un cami\u00f3n caja abierta de recolecci\u00f3n diferenciada para sumarse a la infraestructura de nuestra Direcci\u00f3n de Ambiente en el marco del programa Mi Provincia Recicla.<\/p>\n\n\n\n<p>En ese sentido, Vilar sostuvo que \u201cesta flota de camiones viene a robustecer y fortalecer el trabajo de gesti\u00f3n de residuos s\u00f3lidos urbanos y reciclado en los distritos de la provincia de Buenos Aires\u201d, al tiempo que detall\u00f3 que \u201ces el resultado de una inversi\u00f3n de m\u00e1s de U$S6,7 millones y del enorme esfuerzo que est\u00e1 haciendo nuestra sociedad para transformar las pr\u00e1cticas de consumo\u201d.<\/p>\n\n\n\n<p>Estuvieron presentes los ministros de Justicia y Derechos Humanos, Julio Alak; de Infraestructura y Servicios P\u00fablicos, Leonardo Nardini; la ministra de las Mujeres, Pol\u00edticas de G\u00e9nero y Diversidad Sexual, Estela D\u00edaz; la secretaria general de Gobierno, Agustina Vila; el asesor General de Gobierno, Santiago P\u00e9rez Teruel; la directora ejecutiva del Organismo Provincial de Contrataciones, Victoria Anad\u00f3n; el jefe de gabinete de la Direcci\u00f3n General de Cultura y Educaci\u00f3n, Pablo Urquiza; las subsecretar\u00edas de Educaci\u00f3n, Claudia Bracchi; y de Residuos S\u00f3lidos Urbanos y Econom\u00eda Circular, Jackie Flores.<\/p>\n\n\n\n<p>Adem\u00e1s participaron las secretarias nacionales de Cambio Clim\u00e1tico, Desarrollo Sostenible e Innovaci\u00f3n, Cecilia Nicolini; y de Pol\u00edtica Ambiental en Recursos Naturales, Beatriz Domingorena; legisladores y funcionarios nacionales y provinciales; intendentes e intendentas\u00a0bonaerenses.<\/p>\n\n\n\n<figure class=\"wp-block-image size-full is-resized\"><img decoding=\"async\" data-attachment-id=\"122568\" data-permalink=\"https:\/\/eldiariodesanpedro.com.ar\/sitio\/el-intendente-cecilio-salazar-recibio-un-nuevo-vehiculo-para-la-direccion-de-ambiente-en-un-acto-encabezado-por-el-gobernador-kicillof\/imagen-de-whatsapp-2023-09-26-a-las-08-34-51\/\" data-orig-file=\"https:\/\/eldiariodesanpedro.com.ar\/sitio\/wp-content\/uploads\/2023\/09\/Imagen-de-WhatsApp-2023-09-26-a-las-08.34.51.jpg\" data-orig-size=\"525,394\" data-comments-opened=\"0\" data-image-meta=\"{&quot;aperture&quot;:&quot;0&quot;,&quot;credit&quot;:&quot;&quot;,&quot;camera&quot;:&quot;&quot;,&quot;caption&quot;:&quot;&quot;,&quot;created_timestamp&quot;:&quot;0&quot;,&quot;copyright&quot;:&quot;&quot;,&quot;focal_length&quot;:&quot;0&quot;,&quot;iso&quot;:&quot;0&quot;,&quot;shutter_speed&quot;:&quot;0&quot;,&quot;title&quot;:&quot;&quot;,&quot;orientation&quot;:&quot;0&quot;}\" data-image-title=\"Imagen de WhatsApp 2023-09-26 a las 08.34.51\" data-image-description=\"\" data-image-caption=\"\" data-large-file=\"https:\/\/eldiariodesanpedro.com.ar\/sitio\/wp-content\/uploads\/2023\/09\/Imagen-de-WhatsApp-2023-09-26-a-las-08.34.51.jpg\" data-src=\"https:\/\/eldiariodesanpedro.com.ar\/sitio\/wp-content\/uploads\/2023\/09\/Imagen-de-WhatsApp-2023-09-26-a-las-08.34.51.jpg\" alt=\"\" class=\"wp-image-122568 lazyload\" width=\"788\" height=\"591\" data-srcset=\"https:\/\/eldiariodesanpedro.com.ar\/sitio\/wp-content\/uploads\/2023\/09\/Imagen-de-WhatsApp-2023-09-26-a-las-08.34.51.jpg 525w, https:\/\/eldiariodesanpedro.com.ar\/sitio\/wp-content\/uploads\/2023\/09\/Imagen-de-WhatsApp-2023-09-26-a-las-08.34.51-300x225.jpg 300w, https:\/\/eldiariodesanpedro.com.ar\/sitio\/wp-content\/uploads\/2023\/09\/Imagen-de-WhatsApp-2023-09-26-a-las-08.34.51-272x204.jpg 272w\" data-sizes=\"(max-width: 788px) 100vw, 788px\" src=\"data:image\/svg+xml;base64,PHN2ZyB3aWR0aD0iMSIgaGVpZ2h0PSIxIiB4bWxucz0iaHR0cDovL3d3dy53My5vcmcvMjAwMC9zdmciPjwvc3ZnPg==\" style=\"--smush-placeholder-width: 788px; --smush-placeholder-aspect-ratio: 788\/591;\" \/><\/figure>\n\n\n\n<figure class=\"wp-block-image size-full is-resized\"><img decoding=\"async\" data-attachment-id=\"122569\" data-permalink=\"https:\/\/eldiariodesanpedro.com.ar\/sitio\/el-intendente-cecilio-salazar-recibio-un-nuevo-vehiculo-para-la-direccion-de-ambiente-en-un-acto-encabezado-por-el-gobernador-kicillof\/imagen-de-whatsapp-2023-09-26-a-las-08-34-52\/\" data-orig-file=\"https:\/\/eldiariodesanpedro.com.ar\/sitio\/wp-content\/uploads\/2023\/09\/Imagen-de-WhatsApp-2023-09-26-a-las-08.34.52.jpg\" data-orig-size=\"525,394\" data-comments-opened=\"0\" data-image-meta=\"{&quot;aperture&quot;:&quot;0&quot;,&quot;credit&quot;:&quot;&quot;,&quot;camera&quot;:&quot;&quot;,&quot;caption&quot;:&quot;&quot;,&quot;created_timestamp&quot;:&quot;0&quot;,&quot;copyright&quot;:&quot;&quot;,&quot;focal_length&quot;:&quot;0&quot;,&quot;iso&quot;:&quot;0&quot;,&quot;shutter_speed&quot;:&quot;0&quot;,&quot;title&quot;:&quot;&quot;,&quot;orientation&quot;:&quot;0&quot;}\" data-image-title=\"Imagen de WhatsApp 2023-09-26 a las 08.34.52\" data-image-description=\"\" data-image-caption=\"\" data-large-file=\"https:\/\/eldiariodesanpedro.com.ar\/sitio\/wp-content\/uploads\/2023\/09\/Imagen-de-WhatsApp-2023-09-26-a-las-08.34.52.jpg\" data-src=\"https:\/\/eldiariodesanpedro.com.ar\/sitio\/wp-content\/uploads\/2023\/09\/Imagen-de-WhatsApp-2023-09-26-a-las-08.34.52.jpg\" alt=\"\" class=\"wp-image-122569 lazyload\" width=\"801\" height=\"601\" data-srcset=\"https:\/\/eldiariodesanpedro.com.ar\/sitio\/wp-content\/uploads\/2023\/09\/Imagen-de-WhatsApp-2023-09-26-a-las-08.34.52.jpg 525w, https:\/\/eldiariodesanpedro.com.ar\/sitio\/wp-content\/uploads\/2023\/09\/Imagen-de-WhatsApp-2023-09-26-a-las-08.34.52-300x225.jpg 300w, https:\/\/eldiariodesanpedro.com.ar\/sitio\/wp-content\/uploads\/2023\/09\/Imagen-de-WhatsApp-2023-09-26-a-las-08.34.52-272x204.jpg 272w\" data-sizes=\"(max-width: 801px) 100vw, 801px\" src=\"data:image\/svg+xml;base64,PHN2ZyB3aWR0aD0iMSIgaGVpZ2h0PSIxIiB4bWxucz0iaHR0cDovL3d3dy53My5vcmcvMjAwMC9zdmciPjwvc3ZnPg==\" style=\"--smush-placeholder-width: 801px; --smush-placeholder-aspect-ratio: 801\/601;\" \/><\/figure>\n","protected":false},"excerpt":{"rendered":"<p>El gobernador de la provincia de Buenos Aires, Axel Kicillof, encabez\u00f3 este lunes el acto de entrega de camionetas para escuelas de educaci\u00f3n especial y camiones que permitir\u00e1n fortalecer las pol\u00edticas ambientales en los municipios. Fue en el Estadio \u00danico Diego Armando Maradona de la ciudad de La Plata, junto al director general de Cultura [&hellip;]<\/p>\n","protected":false},"author":4,"featured_media":122567,"comment_status":"closed","ping_status":"closed","sticky":false,"template":"","format":"standard","meta":{"om_disable_all_campaigns":false,"_jetpack_memberships_contains_paid_content":false,"footnotes":""},"categories":[50,101,2],"tags":[],"class_list":["post-122565","post","type-post","status-publish","format-standard","has-post-thumbnail","hentry","category-destacadas","category-interes-general-locales","category-locales"],"aioseo_notices":[],"gutentor_comment":0,"jetpack_featured_media_url":"https:\/\/eldiariodesanpedro.com.ar\/sitio\/wp-content\/uploads\/2023\/09\/Imagen-de-WhatsApp-2023-09-26-a-las-08.34.50.jpg","jetpack_shortlink":"https:\/\/wp.me\/p6RhLt-vSR","jetpack_sharing_enabled":true,"_links":{"self":[{"href":"https:\/\/eldiariodesanpedro.com.ar\/sitio\/wp-json\/wp\/v2\/posts\/122565","targetHints":{"allow":["GET"]}}],"collection":[{"href":"https:\/\/eldiariodesanpedro.com.ar\/sitio\/wp-json\/wp\/v2\/posts"}],"about":[{"href":"https:\/\/eldiariodesanpedro.com.ar\/sitio\/wp-json\/wp\/v2\/types\/post"}],"author":[{"embeddable":true,"href":"https:\/\/eldiariodesanpedro.com.ar\/sitio\/wp-json\/wp\/v2\/users\/4"}],"replies":[{"embeddable":true,"href":"https:\/\/eldiariodesanpedro.com.ar\/sitio\/wp-json\/wp\/v2\/comments?post=122565"}],"version-history":[{"count":1,"href":"https:\/\/eldiariodesanpedro.com.ar\/sitio\/wp-json\/wp\/v2\/posts\/122565\/revisions"}],"predecessor-version":[{"id":122571,"href":"https:\/\/eldiariodesanpedro.com.ar\/sitio\/wp-json\/wp\/v2\/posts\/122565\/revisions\/122571"}],"wp:featuredmedia":[{"embeddable":true,"href":"https:\/\/eldiariodesanpedro.com.ar\/sitio\/wp-json\/wp\/v2\/media\/122567"}],"wp:attachment":[{"href":"https:\/\/eldiariodesanpedro.com.ar\/sitio\/wp-json\/wp\/v2\/media?parent=122565"}],"wp:term":[{"taxonomy":"category","embeddable":true,"href":"https:\/\/eldiariodesanpedro.com.ar\/sitio\/wp-json\/wp\/v2\/categories?post=122565"},{"taxonomy":"post_tag","embeddable":true,"href":"https:\/\/eldiariodesanpedro.com.ar\/sitio\/wp-json\/wp\/v2\/tags?post=122565"}],"curies":[{"name":"wp","href":"https:\/\/api.w.org\/{rel}","templated":true}]}}