{"id":12256,"date":"2017-01-04T20:03:35","date_gmt":"2017-01-04T23:03:35","guid":{"rendered":"https:\/\/eldiariodesanpedro.com.ar\/sitio\/?p=12256"},"modified":"2026-01-24T00:39:14","modified_gmt":"2026-01-24T03:39:14","slug":"se-realizara-manana-el-acto-de-inauguracion-del-ala-de-pediatria-del-hospital","status":"publish","type":"post","link":"https:\/\/eldiariodesanpedro.com.ar\/sitio\/se-realizara-manana-el-acto-de-inauguracion-del-ala-de-pediatria-del-hospital\/","title":{"rendered":"Se realizar\u00e1 ma\u00f1ana el acto de inauguraci\u00f3n del ala de pediatr\u00eda del Hospital"},"content":{"rendered":"<p><!-- VideographyWP Plugin Message: Automatic video embedding prevented by plugin options. --><br \/>\nDesde ma\u00f1ana las Salas de Pediatr\u00eda del Hospital Municipal de San Pedro contar\u00e1n con nuevo equipamiento de alta tecnolog\u00eda para mejorar la atenci\u00f3n de todos los chicos. El acto de reinauguraci\u00f3n se llevar\u00e1 a cabo hoy a partir de las 10.00 con presencia de autoridades nacionales y locales.<\/p>\n<p>A trav\u00e9s del apoyo del Ministerio de Desarrollo Social, se pudo refaccionar y equipar las once habitaciones de dos camas cada una, con ba\u00f1o, aire acondicionado y tecnolog\u00eda necesaria para el cuidado de los ni\u00f1os. Adem\u00e1s, se compraron colchones ortop\u00e9dicos, armarios y mesas de luz para mejorar la atenci\u00f3n. Tambi\u00e9n se inaugurar\u00e1n el shock room y el \u00e1rea de Salud Mental.<\/p>\n<p>Del encuentro participar\u00e1n la coordinadora de los Centros de Referencia de Buenos Aires, Agustina Ciarletta, y el intendente local, Cecilio Salazar, entre otras autoridades.<\/p>\n<p>La cartera social brinda ayuda a instituciones y organizaciones de la sociedad civil mediante la entrega de subsidios econ\u00f3micos para realizar tareas de construcci\u00f3n, refacci\u00f3n y adquirir equipamiento.<\/p>\n","protected":false},"excerpt":{"rendered":"<p>Desde ma\u00f1ana las Salas de Pediatr\u00eda del Hospital Municipal de San Pedro contar\u00e1n con nuevo equipamiento de alta tecnolog\u00eda para mejorar la atenci\u00f3n de todos los chicos. El acto de reinauguraci\u00f3n se llevar\u00e1 a cabo hoy a partir de las 10.00 con presencia de autoridades nacionales y locales. A trav\u00e9s del apoyo del Ministerio de [&hellip;]<\/p>\n","protected":false},"author":4,"featured_media":9457,"comment_status":"open","ping_status":"closed","sticky":false,"template":"","format":"standard","meta":{"om_disable_all_campaigns":false,"_jetpack_memberships_contains_paid_content":false,"footnotes":""},"categories":[2],"tags":[],"class_list":["post-12256","post","type-post","status-publish","format-standard","has-post-thumbnail","hentry","category-locales"],"aioseo_notices":[],"gutentor_comment":0,"jetpack_featured_media_url":"https:\/\/eldiariodesanpedro.com.ar\/sitio\/wp-content\/uploads\/2016\/10\/HOSPITAL-subzonal-san-pedro.jpg","jetpack_shortlink":"https:\/\/wp.me\/p6RhLt-3bG","jetpack_sharing_enabled":true,"_links":{"self":[{"href":"https:\/\/eldiariodesanpedro.com.ar\/sitio\/wp-json\/wp\/v2\/posts\/12256","targetHints":{"allow":["GET"]}}],"collection":[{"href":"https:\/\/eldiariodesanpedro.com.ar\/sitio\/wp-json\/wp\/v2\/posts"}],"about":[{"href":"https:\/\/eldiariodesanpedro.com.ar\/sitio\/wp-json\/wp\/v2\/types\/post"}],"author":[{"embeddable":true,"href":"https:\/\/eldiariodesanpedro.com.ar\/sitio\/wp-json\/wp\/v2\/users\/4"}],"replies":[{"embeddable":true,"href":"https:\/\/eldiariodesanpedro.com.ar\/sitio\/wp-json\/wp\/v2\/comments?post=12256"}],"version-history":[{"count":1,"href":"https:\/\/eldiariodesanpedro.com.ar\/sitio\/wp-json\/wp\/v2\/posts\/12256\/revisions"}],"predecessor-version":[{"id":12257,"href":"https:\/\/eldiariodesanpedro.com.ar\/sitio\/wp-json\/wp\/v2\/posts\/12256\/revisions\/12257"}],"wp:featuredmedia":[{"embeddable":true,"href":"https:\/\/eldiariodesanpedro.com.ar\/sitio\/wp-json\/wp\/v2\/media\/9457"}],"wp:attachment":[{"href":"https:\/\/eldiariodesanpedro.com.ar\/sitio\/wp-json\/wp\/v2\/media?parent=12256"}],"wp:term":[{"taxonomy":"category","embeddable":true,"href":"https:\/\/eldiariodesanpedro.com.ar\/sitio\/wp-json\/wp\/v2\/categories?post=12256"},{"taxonomy":"post_tag","embeddable":true,"href":"https:\/\/eldiariodesanpedro.com.ar\/sitio\/wp-json\/wp\/v2\/tags?post=12256"}],"curies":[{"name":"wp","href":"https:\/\/api.w.org\/{rel}","templated":true}]}}