{"id":122553,"date":"2023-09-26T11:05:44","date_gmt":"2023-09-26T14:05:44","guid":{"rendered":"https:\/\/eldiariodesanpedro.com.ar\/sitio\/?p=122553"},"modified":"2023-09-26T11:05:46","modified_gmt":"2023-09-26T14:05:46","slug":"nuevamente-un-exito-la-18o-edicion-de-san-pedro-country-music-festival","status":"publish","type":"post","link":"https:\/\/eldiariodesanpedro.com.ar\/sitio\/nuevamente-un-exito-la-18o-edicion-de-san-pedro-country-music-festival\/","title":{"rendered":"Nuevamente un exito la 18\u00ba Edicion de San Pedro Country Music Festival"},"content":{"rendered":"<!-- VideographyWP Plugin Message: Automatic video embedding prevented by plugin options. -->\n\n<p>Durante el \u00faltimo fin de semana, la ciudad volvi\u00f3 a convocar a miles de personas gracias a la organizaci\u00f3n del 18\u00b0 San Pedro Country Music Festival en el Paseo P\u00fablico Municipal.<\/p>\n\n\n\n<p>Un gran n\u00famero de turistas se acercaron a la ciudad, ya sea para pasar un d\u00eda o quedarse hasta hoy inclusive, generando un esperado impulso econ\u00f3mico gracias a este evento.<br>La capacidad de alojamiento alcanz\u00f3 picos de ocupaci\u00f3n del 100% en los establecimientos registrados, con una alta demanda en las \u00e1reas de camping.<\/p>\n\n\n\n<p>Los puntos de informaci\u00f3n tur\u00edstica y la Casona de la Secretar\u00eda de Turismo estuvieron disponibles para atender a todos aquellos que quisieron obtener informaci\u00f3n durante todo el fin de semana.<\/p>\n\n\n\n<p>Desde la Municipalidad de San Pedro y en nombre de la producci\u00f3n del Festival, expresamos nuestro agradecimiento a todos los que contribuyeron para que este espect\u00e1culo fuera posible. Miles de personas, tanto sampedrinos como visitantes, lo disfrutaron, generando empleo y un significativo movimiento econ\u00f3mico para la regi\u00f3n.<\/p>\n\n\n\n<p>La Secretar\u00eda de Turismo y Cultura ya est\u00e1 trabajando en la organizaci\u00f3n de futuros eventos, incluyendo la Batalla de Gallos y fiesta cultural en el Skate Park como tambi\u00e9n la Fiesta de las Colectividades que se llevar\u00e1 a cabo durante el pr\u00f3ximo fin de semana largo del&nbsp;mes&nbsp;pr\u00f3ximo.<\/p>\n\n\n\n<figure class=\"wp-block-image size-full\"><img decoding=\"async\" width=\"945\" height=\"630\" data-attachment-id=\"122560\" data-permalink=\"https:\/\/eldiariodesanpedro.com.ar\/sitio\/nuevamente-un-exito-la-18o-edicion-de-san-pedro-country-music-festival\/imagen-de-whatsapp-2023-09-25-a-las-09-43-20-2\/\" data-orig-file=\"https:\/\/eldiariodesanpedro.com.ar\/sitio\/wp-content\/uploads\/2023\/09\/Imagen-de-WhatsApp-2023-09-25-a-las-09.43.20-1.jpg\" data-orig-size=\"945,630\" data-comments-opened=\"0\" data-image-meta=\"{&quot;aperture&quot;:&quot;0&quot;,&quot;credit&quot;:&quot;&quot;,&quot;camera&quot;:&quot;&quot;,&quot;caption&quot;:&quot;&quot;,&quot;created_timestamp&quot;:&quot;0&quot;,&quot;copyright&quot;:&quot;&quot;,&quot;focal_length&quot;:&quot;0&quot;,&quot;iso&quot;:&quot;0&quot;,&quot;shutter_speed&quot;:&quot;0&quot;,&quot;title&quot;:&quot;&quot;,&quot;orientation&quot;:&quot;0&quot;}\" data-image-title=\"Imagen de WhatsApp 2023-09-25 a las 09.43.20\" data-image-description=\"\" data-image-caption=\"\" data-large-file=\"https:\/\/eldiariodesanpedro.com.ar\/sitio\/wp-content\/uploads\/2023\/09\/Imagen-de-WhatsApp-2023-09-25-a-las-09.43.20-1.jpg\" data-src=\"https:\/\/eldiariodesanpedro.com.ar\/sitio\/wp-content\/uploads\/2023\/09\/Imagen-de-WhatsApp-2023-09-25-a-las-09.43.20-1.jpg\" alt=\"\" class=\"wp-image-122560 lazyload\" data-srcset=\"https:\/\/eldiariodesanpedro.com.ar\/sitio\/wp-content\/uploads\/2023\/09\/Imagen-de-WhatsApp-2023-09-25-a-las-09.43.20-1.jpg 945w, https:\/\/eldiariodesanpedro.com.ar\/sitio\/wp-content\/uploads\/2023\/09\/Imagen-de-WhatsApp-2023-09-25-a-las-09.43.20-1-300x200.jpg 300w, https:\/\/eldiariodesanpedro.com.ar\/sitio\/wp-content\/uploads\/2023\/09\/Imagen-de-WhatsApp-2023-09-25-a-las-09.43.20-1-768x512.jpg 768w\" data-sizes=\"(max-width: 945px) 100vw, 945px\" src=\"data:image\/svg+xml;base64,PHN2ZyB3aWR0aD0iMSIgaGVpZ2h0PSIxIiB4bWxucz0iaHR0cDovL3d3dy53My5vcmcvMjAwMC9zdmciPjwvc3ZnPg==\" style=\"--smush-placeholder-width: 945px; --smush-placeholder-aspect-ratio: 945\/630;\" \/><\/figure>\n\n\n\n<figure class=\"wp-block-image size-large\"><img decoding=\"async\" width=\"1024\" height=\"578\" data-attachment-id=\"122561\" data-permalink=\"https:\/\/eldiariodesanpedro.com.ar\/sitio\/nuevamente-un-exito-la-18o-edicion-de-san-pedro-country-music-festival\/imagen-de-whatsapp-2023-09-25-a-las-09-43-22-2\/\" data-orig-file=\"https:\/\/eldiariodesanpedro.com.ar\/sitio\/wp-content\/uploads\/2023\/09\/Imagen-de-WhatsApp-2023-09-25-a-las-09.43.22-1.jpg\" data-orig-size=\"1117,630\" data-comments-opened=\"0\" data-image-meta=\"{&quot;aperture&quot;:&quot;0&quot;,&quot;credit&quot;:&quot;&quot;,&quot;camera&quot;:&quot;&quot;,&quot;caption&quot;:&quot;&quot;,&quot;created_timestamp&quot;:&quot;0&quot;,&quot;copyright&quot;:&quot;&quot;,&quot;focal_length&quot;:&quot;0&quot;,&quot;iso&quot;:&quot;0&quot;,&quot;shutter_speed&quot;:&quot;0&quot;,&quot;title&quot;:&quot;&quot;,&quot;orientation&quot;:&quot;0&quot;}\" data-image-title=\"Imagen de WhatsApp 2023-09-25 a las 09.43.22\" data-image-description=\"\" data-image-caption=\"\" data-large-file=\"https:\/\/eldiariodesanpedro.com.ar\/sitio\/wp-content\/uploads\/2023\/09\/Imagen-de-WhatsApp-2023-09-25-a-las-09.43.22-1-1024x578.jpg\" data-src=\"https:\/\/eldiariodesanpedro.com.ar\/sitio\/wp-content\/uploads\/2023\/09\/Imagen-de-WhatsApp-2023-09-25-a-las-09.43.22-1-1024x578.jpg\" alt=\"\" class=\"wp-image-122561 lazyload\" data-srcset=\"https:\/\/eldiariodesanpedro.com.ar\/sitio\/wp-content\/uploads\/2023\/09\/Imagen-de-WhatsApp-2023-09-25-a-las-09.43.22-1-1024x578.jpg 1024w, https:\/\/eldiariodesanpedro.com.ar\/sitio\/wp-content\/uploads\/2023\/09\/Imagen-de-WhatsApp-2023-09-25-a-las-09.43.22-1-300x169.jpg 300w, https:\/\/eldiariodesanpedro.com.ar\/sitio\/wp-content\/uploads\/2023\/09\/Imagen-de-WhatsApp-2023-09-25-a-las-09.43.22-1-768x433.jpg 768w, https:\/\/eldiariodesanpedro.com.ar\/sitio\/wp-content\/uploads\/2023\/09\/Imagen-de-WhatsApp-2023-09-25-a-las-09.43.22-1.jpg 1117w\" data-sizes=\"(max-width: 1024px) 100vw, 1024px\" src=\"data:image\/svg+xml;base64,PHN2ZyB3aWR0aD0iMSIgaGVpZ2h0PSIxIiB4bWxucz0iaHR0cDovL3d3dy53My5vcmcvMjAwMC9zdmciPjwvc3ZnPg==\" style=\"--smush-placeholder-width: 1024px; --smush-placeholder-aspect-ratio: 1024\/578;\" \/><\/figure>\n\n\n\n<figure class=\"wp-block-image size-full\"><img decoding=\"async\" width=\"945\" height=\"630\" data-attachment-id=\"122556\" data-permalink=\"https:\/\/eldiariodesanpedro.com.ar\/sitio\/nuevamente-un-exito-la-18o-edicion-de-san-pedro-country-music-festival\/imagen-de-whatsapp-2023-09-25-a-las-09-43-23\/\" data-orig-file=\"https:\/\/eldiariodesanpedro.com.ar\/sitio\/wp-content\/uploads\/2023\/09\/Imagen-de-WhatsApp-2023-09-25-a-las-09.43.23.jpg\" data-orig-size=\"945,630\" data-comments-opened=\"0\" data-image-meta=\"{&quot;aperture&quot;:&quot;0&quot;,&quot;credit&quot;:&quot;&quot;,&quot;camera&quot;:&quot;&quot;,&quot;caption&quot;:&quot;&quot;,&quot;created_timestamp&quot;:&quot;0&quot;,&quot;copyright&quot;:&quot;&quot;,&quot;focal_length&quot;:&quot;0&quot;,&quot;iso&quot;:&quot;0&quot;,&quot;shutter_speed&quot;:&quot;0&quot;,&quot;title&quot;:&quot;&quot;,&quot;orientation&quot;:&quot;0&quot;}\" data-image-title=\"Imagen de WhatsApp 2023-09-25 a las 09.43.23\" data-image-description=\"\" data-image-caption=\"\" data-large-file=\"https:\/\/eldiariodesanpedro.com.ar\/sitio\/wp-content\/uploads\/2023\/09\/Imagen-de-WhatsApp-2023-09-25-a-las-09.43.23.jpg\" data-src=\"https:\/\/eldiariodesanpedro.com.ar\/sitio\/wp-content\/uploads\/2023\/09\/Imagen-de-WhatsApp-2023-09-25-a-las-09.43.23.jpg\" alt=\"\" class=\"wp-image-122556 lazyload\" data-srcset=\"https:\/\/eldiariodesanpedro.com.ar\/sitio\/wp-content\/uploads\/2023\/09\/Imagen-de-WhatsApp-2023-09-25-a-las-09.43.23.jpg 945w, https:\/\/eldiariodesanpedro.com.ar\/sitio\/wp-content\/uploads\/2023\/09\/Imagen-de-WhatsApp-2023-09-25-a-las-09.43.23-300x200.jpg 300w, https:\/\/eldiariodesanpedro.com.ar\/sitio\/wp-content\/uploads\/2023\/09\/Imagen-de-WhatsApp-2023-09-25-a-las-09.43.23-768x512.jpg 768w\" data-sizes=\"(max-width: 945px) 100vw, 945px\" src=\"data:image\/svg+xml;base64,PHN2ZyB3aWR0aD0iMSIgaGVpZ2h0PSIxIiB4bWxucz0iaHR0cDovL3d3dy53My5vcmcvMjAwMC9zdmciPjwvc3ZnPg==\" style=\"--smush-placeholder-width: 945px; --smush-placeholder-aspect-ratio: 945\/630;\" \/><\/figure>\n","protected":false},"excerpt":{"rendered":"<p>Durante el \u00faltimo fin de semana, la ciudad volvi\u00f3 a convocar a miles de personas gracias a la organizaci\u00f3n del 18\u00b0 San Pedro Country Music Festival en el Paseo P\u00fablico Municipal. Un gran n\u00famero de turistas se acercaron a la ciudad, ya sea para pasar un d\u00eda o quedarse hasta hoy inclusive, generando un esperado [&hellip;]<\/p>\n","protected":false},"author":4,"featured_media":122559,"comment_status":"closed","ping_status":"closed","sticky":false,"template":"","format":"standard","meta":{"om_disable_all_campaigns":false,"_jetpack_memberships_contains_paid_content":false,"footnotes":""},"categories":[50,101,2],"tags":[197,696,33,4511,19],"class_list":["post-122553","post","type-post","status-publish","format-standard","has-post-thumbnail","hentry","category-destacadas","category-interes-general-locales","category-locales","tag-buenos-aires","tag-interes-general","tag-locales","tag-nuevamente-un-exito-la-18o-edicion-de-san-pedro-country-music-festival","tag-san-pedro"],"aioseo_notices":[],"gutentor_comment":0,"jetpack_featured_media_url":"https:\/\/eldiariodesanpedro.com.ar\/sitio\/wp-content\/uploads\/2023\/09\/Imagen-de-WhatsApp-2023-09-25-a-las-09.43.241.jpg","jetpack_shortlink":"https:\/\/wp.me\/p6RhLt-vSF","jetpack_sharing_enabled":true,"_links":{"self":[{"href":"https:\/\/eldiariodesanpedro.com.ar\/sitio\/wp-json\/wp\/v2\/posts\/122553","targetHints":{"allow":["GET"]}}],"collection":[{"href":"https:\/\/eldiariodesanpedro.com.ar\/sitio\/wp-json\/wp\/v2\/posts"}],"about":[{"href":"https:\/\/eldiariodesanpedro.com.ar\/sitio\/wp-json\/wp\/v2\/types\/post"}],"author":[{"embeddable":true,"href":"https:\/\/eldiariodesanpedro.com.ar\/sitio\/wp-json\/wp\/v2\/users\/4"}],"replies":[{"embeddable":true,"href":"https:\/\/eldiariodesanpedro.com.ar\/sitio\/wp-json\/wp\/v2\/comments?post=122553"}],"version-history":[{"count":1,"href":"https:\/\/eldiariodesanpedro.com.ar\/sitio\/wp-json\/wp\/v2\/posts\/122553\/revisions"}],"predecessor-version":[{"id":122564,"href":"https:\/\/eldiariodesanpedro.com.ar\/sitio\/wp-json\/wp\/v2\/posts\/122553\/revisions\/122564"}],"wp:featuredmedia":[{"embeddable":true,"href":"https:\/\/eldiariodesanpedro.com.ar\/sitio\/wp-json\/wp\/v2\/media\/122559"}],"wp:attachment":[{"href":"https:\/\/eldiariodesanpedro.com.ar\/sitio\/wp-json\/wp\/v2\/media?parent=122553"}],"wp:term":[{"taxonomy":"category","embeddable":true,"href":"https:\/\/eldiariodesanpedro.com.ar\/sitio\/wp-json\/wp\/v2\/categories?post=122553"},{"taxonomy":"post_tag","embeddable":true,"href":"https:\/\/eldiariodesanpedro.com.ar\/sitio\/wp-json\/wp\/v2\/tags?post=122553"}],"curies":[{"name":"wp","href":"https:\/\/api.w.org\/{rel}","templated":true}]}}