{"id":122546,"date":"2023-09-26T10:56:18","date_gmt":"2023-09-26T13:56:18","guid":{"rendered":"https:\/\/eldiariodesanpedro.com.ar\/sitio\/?p=122546"},"modified":"2023-09-26T10:56:19","modified_gmt":"2023-09-26T13:56:19","slug":"firma-de-convenio-para-promover-la-donacion-en-san-pedro-y-jornada-de-donacion-de-sangre","status":"publish","type":"post","link":"https:\/\/eldiariodesanpedro.com.ar\/sitio\/firma-de-convenio-para-promover-la-donacion-en-san-pedro-y-jornada-de-donacion-de-sangre\/","title":{"rendered":"Firma de convenio para promover la donaci\u00f3n en San Pedro y jornada de donaci\u00f3n de sangre"},"content":{"rendered":"<!-- VideographyWP Plugin Message: Automatic video embedding prevented by plugin options. -->\n\n<p>Este viernes, en el Polo de Salud Municipal el Intendente Cecilio Salazar firm\u00f3 un convenio con el Dr. Francisco Leone, Presidente de CUCAIBA y la doctora Laura Gonz\u00e1lez, directora provincial del Instituto de Hemoterapia para impulsar la donaci\u00f3n en todas sus formas, instrumentar acciones concretas de educaci\u00f3n de promotores y el apoyo a la formaci\u00f3n de t\u00e9cnicos y profesionales de los servicios de salud.<\/p>\n\n\n\n<p>Durante la actividad se llev\u00f3 a cabo una jornada de recolecci\u00f3n de sangre y plasma que fue coordinada por la Dra. Renata Agazzi, a cargo del servicio de Hemoterapia del Hospital Subzonal Emilio Ruffa.<\/p>\n\n\n\n<p>En esta jornada solidaria y de colaboraci\u00f3n entre diversas instituciones de salud participaron junto al Servicio de Hemoterapia del Hospital Emilio Ruffa, el Instituto de Hemoterapia de La Plata, el Centro Regional de 3 de Febrero y el Instituto Maiztegui, quien llev\u00f3 a cabo una colecta de sangre y plasma de convalecientes de Fiebre Hemorr\u00e1gica Argentina.<\/p>\n\n\n\n<p>El evento cont\u00f3 con la participaci\u00f3n de m\u00e1s de 50 donantes que concretaron su aporte tanto al Banco de Sangre de nuestro Hospital como a otros de la regi\u00f3n, garantizando as\u00ed la disponibilidad de recursos esenciales para la atenci\u00f3n m\u00e9dica de nuestra comunidad.<\/p>\n\n\n\n<p>El convenio de colaboraci\u00f3n interinstitucional suscrito entre la Municipalidad de San Pedro y el Ministerio de Salud de la Provincia de Buenos Aires, a trav\u00e9s del Centro \u00danico Coordinador de Ablaci\u00f3n e Implante de la Provincia de Buenos Aires (CUCAIBA) y el Instituto de Hemoterapia de la Provincia de Buenos Aires establece promover la donaci\u00f3n de \u00f3rganos, tejidos, c\u00e9lulas, sangre, plasma y plaquetas en el \u00e1mbito local, as\u00ed como implementar acciones concretas de educaci\u00f3n para promotores de donaci\u00f3n y apoyar la formaci\u00f3n de t\u00e9cnicos y profesionales de los Servicios&nbsp;de&nbsp;Salud.<\/p>\n\n\n\n<figure class=\"wp-block-image size-full\"><img decoding=\"async\" width=\"988\" height=\"630\" data-attachment-id=\"122547\" data-permalink=\"https:\/\/eldiariodesanpedro.com.ar\/sitio\/firma-de-convenio-para-promover-la-donacion-en-san-pedro-y-jornada-de-donacion-de-sangre\/imagen-de-whatsapp-2023-09-22-a-las-15-36-23\/\" data-orig-file=\"https:\/\/eldiariodesanpedro.com.ar\/sitio\/wp-content\/uploads\/2023\/09\/Imagen-de-WhatsApp-2023-09-22-a-las-15.36.23.jpg\" data-orig-size=\"988,630\" data-comments-opened=\"0\" data-image-meta=\"{&quot;aperture&quot;:&quot;0&quot;,&quot;credit&quot;:&quot;&quot;,&quot;camera&quot;:&quot;&quot;,&quot;caption&quot;:&quot;&quot;,&quot;created_timestamp&quot;:&quot;0&quot;,&quot;copyright&quot;:&quot;&quot;,&quot;focal_length&quot;:&quot;0&quot;,&quot;iso&quot;:&quot;0&quot;,&quot;shutter_speed&quot;:&quot;0&quot;,&quot;title&quot;:&quot;&quot;,&quot;orientation&quot;:&quot;0&quot;}\" data-image-title=\"Imagen de WhatsApp 2023-09-22 a las 15.36.23\" data-image-description=\"\" data-image-caption=\"\" data-large-file=\"https:\/\/eldiariodesanpedro.com.ar\/sitio\/wp-content\/uploads\/2023\/09\/Imagen-de-WhatsApp-2023-09-22-a-las-15.36.23.jpg\" data-src=\"https:\/\/eldiariodesanpedro.com.ar\/sitio\/wp-content\/uploads\/2023\/09\/Imagen-de-WhatsApp-2023-09-22-a-las-15.36.23.jpg\" alt=\"\" class=\"wp-image-122547 lazyload\" data-srcset=\"https:\/\/eldiariodesanpedro.com.ar\/sitio\/wp-content\/uploads\/2023\/09\/Imagen-de-WhatsApp-2023-09-22-a-las-15.36.23.jpg 988w, https:\/\/eldiariodesanpedro.com.ar\/sitio\/wp-content\/uploads\/2023\/09\/Imagen-de-WhatsApp-2023-09-22-a-las-15.36.23-300x191.jpg 300w, https:\/\/eldiariodesanpedro.com.ar\/sitio\/wp-content\/uploads\/2023\/09\/Imagen-de-WhatsApp-2023-09-22-a-las-15.36.23-768x490.jpg 768w\" data-sizes=\"(max-width: 988px) 100vw, 988px\" src=\"data:image\/svg+xml;base64,PHN2ZyB3aWR0aD0iMSIgaGVpZ2h0PSIxIiB4bWxucz0iaHR0cDovL3d3dy53My5vcmcvMjAwMC9zdmciPjwvc3ZnPg==\" style=\"--smush-placeholder-width: 988px; --smush-placeholder-aspect-ratio: 988\/630;\" \/><\/figure>\n\n\n\n<figure class=\"wp-block-image size-full\"><img decoding=\"async\" width=\"882\" height=\"630\" data-attachment-id=\"122550\" data-permalink=\"https:\/\/eldiariodesanpedro.com.ar\/sitio\/firma-de-convenio-para-promover-la-donacion-en-san-pedro-y-jornada-de-donacion-de-sangre\/imagen-de-whatsapp-2023-09-22-a-las-15-36-27\/\" data-orig-file=\"https:\/\/eldiariodesanpedro.com.ar\/sitio\/wp-content\/uploads\/2023\/09\/Imagen-de-WhatsApp-2023-09-22-a-las-15.36.27.jpg\" data-orig-size=\"882,630\" data-comments-opened=\"0\" data-image-meta=\"{&quot;aperture&quot;:&quot;0&quot;,&quot;credit&quot;:&quot;&quot;,&quot;camera&quot;:&quot;&quot;,&quot;caption&quot;:&quot;&quot;,&quot;created_timestamp&quot;:&quot;0&quot;,&quot;copyright&quot;:&quot;&quot;,&quot;focal_length&quot;:&quot;0&quot;,&quot;iso&quot;:&quot;0&quot;,&quot;shutter_speed&quot;:&quot;0&quot;,&quot;title&quot;:&quot;&quot;,&quot;orientation&quot;:&quot;0&quot;}\" data-image-title=\"Imagen de WhatsApp 2023-09-22 a las 15.36.27\" data-image-description=\"\" data-image-caption=\"\" data-large-file=\"https:\/\/eldiariodesanpedro.com.ar\/sitio\/wp-content\/uploads\/2023\/09\/Imagen-de-WhatsApp-2023-09-22-a-las-15.36.27.jpg\" data-src=\"https:\/\/eldiariodesanpedro.com.ar\/sitio\/wp-content\/uploads\/2023\/09\/Imagen-de-WhatsApp-2023-09-22-a-las-15.36.27.jpg\" alt=\"\" class=\"wp-image-122550 lazyload\" data-srcset=\"https:\/\/eldiariodesanpedro.com.ar\/sitio\/wp-content\/uploads\/2023\/09\/Imagen-de-WhatsApp-2023-09-22-a-las-15.36.27.jpg 882w, https:\/\/eldiariodesanpedro.com.ar\/sitio\/wp-content\/uploads\/2023\/09\/Imagen-de-WhatsApp-2023-09-22-a-las-15.36.27-300x214.jpg 300w, https:\/\/eldiariodesanpedro.com.ar\/sitio\/wp-content\/uploads\/2023\/09\/Imagen-de-WhatsApp-2023-09-22-a-las-15.36.27-768x549.jpg 768w\" data-sizes=\"(max-width: 882px) 100vw, 882px\" src=\"data:image\/svg+xml;base64,PHN2ZyB3aWR0aD0iMSIgaGVpZ2h0PSIxIiB4bWxucz0iaHR0cDovL3d3dy53My5vcmcvMjAwMC9zdmciPjwvc3ZnPg==\" style=\"--smush-placeholder-width: 882px; --smush-placeholder-aspect-ratio: 882\/630;\" \/><\/figure>\n\n\n\n<figure class=\"wp-block-image size-full\"><img decoding=\"async\" width=\"868\" height=\"630\" data-attachment-id=\"122549\" data-permalink=\"https:\/\/eldiariodesanpedro.com.ar\/sitio\/firma-de-convenio-para-promover-la-donacion-en-san-pedro-y-jornada-de-donacion-de-sangre\/imagen-de-whatsapp-2023-09-22-a-las-15-36-26\/\" data-orig-file=\"https:\/\/eldiariodesanpedro.com.ar\/sitio\/wp-content\/uploads\/2023\/09\/Imagen-de-WhatsApp-2023-09-22-a-las-15.36.26.jpg\" data-orig-size=\"868,630\" data-comments-opened=\"0\" data-image-meta=\"{&quot;aperture&quot;:&quot;0&quot;,&quot;credit&quot;:&quot;&quot;,&quot;camera&quot;:&quot;&quot;,&quot;caption&quot;:&quot;&quot;,&quot;created_timestamp&quot;:&quot;0&quot;,&quot;copyright&quot;:&quot;&quot;,&quot;focal_length&quot;:&quot;0&quot;,&quot;iso&quot;:&quot;0&quot;,&quot;shutter_speed&quot;:&quot;0&quot;,&quot;title&quot;:&quot;&quot;,&quot;orientation&quot;:&quot;0&quot;}\" data-image-title=\"Imagen de WhatsApp 2023-09-22 a las 15.36.26\" data-image-description=\"\" data-image-caption=\"\" data-large-file=\"https:\/\/eldiariodesanpedro.com.ar\/sitio\/wp-content\/uploads\/2023\/09\/Imagen-de-WhatsApp-2023-09-22-a-las-15.36.26.jpg\" data-src=\"https:\/\/eldiariodesanpedro.com.ar\/sitio\/wp-content\/uploads\/2023\/09\/Imagen-de-WhatsApp-2023-09-22-a-las-15.36.26.jpg\" alt=\"\" class=\"wp-image-122549 lazyload\" data-srcset=\"https:\/\/eldiariodesanpedro.com.ar\/sitio\/wp-content\/uploads\/2023\/09\/Imagen-de-WhatsApp-2023-09-22-a-las-15.36.26.jpg 868w, https:\/\/eldiariodesanpedro.com.ar\/sitio\/wp-content\/uploads\/2023\/09\/Imagen-de-WhatsApp-2023-09-22-a-las-15.36.26-300x218.jpg 300w, https:\/\/eldiariodesanpedro.com.ar\/sitio\/wp-content\/uploads\/2023\/09\/Imagen-de-WhatsApp-2023-09-22-a-las-15.36.26-768x557.jpg 768w\" data-sizes=\"(max-width: 868px) 100vw, 868px\" src=\"data:image\/svg+xml;base64,PHN2ZyB3aWR0aD0iMSIgaGVpZ2h0PSIxIiB4bWxucz0iaHR0cDovL3d3dy53My5vcmcvMjAwMC9zdmciPjwvc3ZnPg==\" style=\"--smush-placeholder-width: 868px; --smush-placeholder-aspect-ratio: 868\/630;\" \/><\/figure>\n","protected":false},"excerpt":{"rendered":"<p>Este viernes, en el Polo de Salud Municipal el Intendente Cecilio Salazar firm\u00f3 un convenio con el Dr. Francisco Leone, Presidente de CUCAIBA y la doctora Laura Gonz\u00e1lez, directora provincial del Instituto de Hemoterapia para impulsar la donaci\u00f3n en todas sus formas, instrumentar acciones concretas de educaci\u00f3n de promotores y el apoyo a la formaci\u00f3n [&hellip;]<\/p>\n","protected":false},"author":4,"featured_media":122551,"comment_status":"closed","ping_status":"closed","sticky":false,"template":"","format":"standard","meta":{"om_disable_all_campaigns":false,"_jetpack_memberships_contains_paid_content":false,"footnotes":""},"categories":[50,101,2],"tags":[197,696,33,19],"class_list":["post-122546","post","type-post","status-publish","format-standard","has-post-thumbnail","hentry","category-destacadas","category-interes-general-locales","category-locales","tag-buenos-aires","tag-interes-general","tag-locales","tag-san-pedro"],"aioseo_notices":[],"gutentor_comment":0,"jetpack_featured_media_url":"https:\/\/eldiariodesanpedro.com.ar\/sitio\/wp-content\/uploads\/2023\/09\/Imagen-de-WhatsApp-2023-09-22-a-las-15.36.271.jpg","jetpack_shortlink":"https:\/\/wp.me\/p6RhLt-vSy","jetpack_sharing_enabled":true,"_links":{"self":[{"href":"https:\/\/eldiariodesanpedro.com.ar\/sitio\/wp-json\/wp\/v2\/posts\/122546","targetHints":{"allow":["GET"]}}],"collection":[{"href":"https:\/\/eldiariodesanpedro.com.ar\/sitio\/wp-json\/wp\/v2\/posts"}],"about":[{"href":"https:\/\/eldiariodesanpedro.com.ar\/sitio\/wp-json\/wp\/v2\/types\/post"}],"author":[{"embeddable":true,"href":"https:\/\/eldiariodesanpedro.com.ar\/sitio\/wp-json\/wp\/v2\/users\/4"}],"replies":[{"embeddable":true,"href":"https:\/\/eldiariodesanpedro.com.ar\/sitio\/wp-json\/wp\/v2\/comments?post=122546"}],"version-history":[{"count":1,"href":"https:\/\/eldiariodesanpedro.com.ar\/sitio\/wp-json\/wp\/v2\/posts\/122546\/revisions"}],"predecessor-version":[{"id":122552,"href":"https:\/\/eldiariodesanpedro.com.ar\/sitio\/wp-json\/wp\/v2\/posts\/122546\/revisions\/122552"}],"wp:featuredmedia":[{"embeddable":true,"href":"https:\/\/eldiariodesanpedro.com.ar\/sitio\/wp-json\/wp\/v2\/media\/122551"}],"wp:attachment":[{"href":"https:\/\/eldiariodesanpedro.com.ar\/sitio\/wp-json\/wp\/v2\/media?parent=122546"}],"wp:term":[{"taxonomy":"category","embeddable":true,"href":"https:\/\/eldiariodesanpedro.com.ar\/sitio\/wp-json\/wp\/v2\/categories?post=122546"},{"taxonomy":"post_tag","embeddable":true,"href":"https:\/\/eldiariodesanpedro.com.ar\/sitio\/wp-json\/wp\/v2\/tags?post=122546"}],"curies":[{"name":"wp","href":"https:\/\/api.w.org\/{rel}","templated":true}]}}