{"id":12254,"date":"2017-01-04T20:00:44","date_gmt":"2017-01-04T23:00:44","guid":{"rendered":"https:\/\/eldiariodesanpedro.com.ar\/sitio\/?p=12254"},"modified":"2017-01-04T20:00:44","modified_gmt":"2017-01-04T23:00:44","slug":"esperan-los-chalecos-y-equipos-de-comunicaciones-para-que-comience-a-funcionar-la-policia-local","status":"publish","type":"post","link":"https:\/\/eldiariodesanpedro.com.ar\/sitio\/esperan-los-chalecos-y-equipos-de-comunicaciones-para-que-comience-a-funcionar-la-policia-local\/","title":{"rendered":"Esperan los chalecos y equipos de comunicaciones para que comience a funcionar la Polic\u00eda Local"},"content":{"rendered":"<p><!-- VideographyWP Plugin Message: Automatic video embedding prevented by plugin options. --><br \/>\nLa Superintendencia de Seguridad Local, que depende de la Subsecretar\u00eda de Planificaci\u00f3n del Ministerio de Seguridad, dio el aval pero a\u00fan no cuentan con el chaleco reglamentario ni con el equipo de comunicaci\u00f3n para poder salir a la calle.<\/p>\n<p>De los m\u00e1s de 70, tan solo 35 uniformados fueron destinados a la zona de la costa para formar parte del \u00abOperativo Sol\u00bb, el resto se encuentran en la ciudad y de concretarse la llegada de los requisitos correspondientes ya est\u00e1n en condiciones de trabajar.<\/p>\n<p>Los nuevos efectivos que cumplieron en diciembre pr\u00f3ximo el ciclo de iniciaci\u00f3n, tendr\u00e1n como funci\u00f3n trabajar en la aproximaci\u00f3n con el vecino y en la prevenci\u00f3n de la comisi\u00f3n de delitos.<\/p>\n<p>En tanto, a\u00fan no se ha designado un jefe a cargo; cabe recordar que la subcomisaria Gabriela Lencina, que hab\u00eda designada en junio pasado y que adem\u00e1s particip\u00f3 activamente de la formaci\u00f3n de los nuevos efectivos, por cuestiones personales se ha tomado un a\u00f1o de licencia y no seguir\u00e1 al frente de la divisi\u00f3n. A\u00fan no se ha designado su sucesor, por lo que el secretario de Seguridad P\u00fablica, Eduardo Roleri, es quien asumir\u00e1 la responsabilidad hasta que se concrete la llegada de un nuevo titular.<\/p>\n","protected":false},"excerpt":{"rendered":"<p>La Superintendencia de Seguridad Local, que depende de la Subsecretar\u00eda de Planificaci\u00f3n del Ministerio de Seguridad, dio el aval pero a\u00fan no cuentan con el chaleco reglamentario ni con el equipo de comunicaci\u00f3n para poder salir a la calle. De los m\u00e1s de 70, tan solo 35 uniformados fueron destinados a la zona de la [&hellip;]<\/p>\n","protected":false},"author":4,"featured_media":11344,"comment_status":"open","ping_status":"closed","sticky":false,"template":"","format":"standard","meta":{"om_disable_all_campaigns":false,"_jetpack_memberships_contains_paid_content":false,"footnotes":""},"categories":[101,2],"tags":[],"class_list":["post-12254","post","type-post","status-publish","format-standard","has-post-thumbnail","hentry","category-interes-general-locales","category-locales"],"aioseo_notices":[],"gutentor_comment":0,"jetpack_featured_media_url":"https:\/\/eldiariodesanpedro.com.ar\/sitio\/wp-content\/uploads\/2016\/12\/policia-local-muni-.jpg","jetpack_shortlink":"https:\/\/wp.me\/p6RhLt-3bE","jetpack_sharing_enabled":true,"_links":{"self":[{"href":"https:\/\/eldiariodesanpedro.com.ar\/sitio\/wp-json\/wp\/v2\/posts\/12254","targetHints":{"allow":["GET"]}}],"collection":[{"href":"https:\/\/eldiariodesanpedro.com.ar\/sitio\/wp-json\/wp\/v2\/posts"}],"about":[{"href":"https:\/\/eldiariodesanpedro.com.ar\/sitio\/wp-json\/wp\/v2\/types\/post"}],"author":[{"embeddable":true,"href":"https:\/\/eldiariodesanpedro.com.ar\/sitio\/wp-json\/wp\/v2\/users\/4"}],"replies":[{"embeddable":true,"href":"https:\/\/eldiariodesanpedro.com.ar\/sitio\/wp-json\/wp\/v2\/comments?post=12254"}],"version-history":[{"count":1,"href":"https:\/\/eldiariodesanpedro.com.ar\/sitio\/wp-json\/wp\/v2\/posts\/12254\/revisions"}],"predecessor-version":[{"id":12255,"href":"https:\/\/eldiariodesanpedro.com.ar\/sitio\/wp-json\/wp\/v2\/posts\/12254\/revisions\/12255"}],"wp:featuredmedia":[{"embeddable":true,"href":"https:\/\/eldiariodesanpedro.com.ar\/sitio\/wp-json\/wp\/v2\/media\/11344"}],"wp:attachment":[{"href":"https:\/\/eldiariodesanpedro.com.ar\/sitio\/wp-json\/wp\/v2\/media?parent=12254"}],"wp:term":[{"taxonomy":"category","embeddable":true,"href":"https:\/\/eldiariodesanpedro.com.ar\/sitio\/wp-json\/wp\/v2\/categories?post=12254"},{"taxonomy":"post_tag","embeddable":true,"href":"https:\/\/eldiariodesanpedro.com.ar\/sitio\/wp-json\/wp\/v2\/tags?post=12254"}],"curies":[{"name":"wp","href":"https:\/\/api.w.org\/{rel}","templated":true}]}}