{"id":122539,"date":"2023-09-26T10:49:17","date_gmt":"2023-09-26T13:49:17","guid":{"rendered":"https:\/\/eldiariodesanpedro.com.ar\/sitio\/?p=122539"},"modified":"2023-09-26T10:49:18","modified_gmt":"2023-09-26T13:49:18","slug":"el-centro-municipal-marcelina-suarez-festejo-el-dia-de-la-primavera","status":"publish","type":"post","link":"https:\/\/eldiariodesanpedro.com.ar\/sitio\/el-centro-municipal-marcelina-suarez-festejo-el-dia-de-la-primavera\/","title":{"rendered":"El Centro Municipal Marcelina Suarez festej\u00f3 el d\u00eda de la Primavera"},"content":{"rendered":"<!-- VideographyWP Plugin Message: Automatic video embedding prevented by plugin options. -->\n\n<p>Este jueves, en el marco del d\u00eda de la Primavera se concretaron los festejos organizados en colaboraci\u00f3n entre la Municipalidad de San Pedro, el Centro Infantil de Recreaci\u00f3n \u00abLa Colmenita\u00bb del MTE y el Programa Envi\u00f3n en el Centro Municipal \u00abMarcelina Suarez\u00bb del barrio La Tosquera.<\/p>\n\n\n\n<p>Participaron del encuentro los ni\u00f1os y ni\u00f1as que asisten a las diferentes instituciones educativas del barrio, quienes compartieron juegos y actividades durante toda la jornada.<\/p>\n\n\n\n<p>El cierre estuvo a cargo de Lautaro Monz\u00f3n, quien llev\u00f3 a cabo una presentaci\u00f3n musical para todos los asistentes\u00a0del\u00a0barrio.<\/p>\n\n\n\n<figure class=\"wp-block-image size-full\"><img decoding=\"async\" width=\"1002\" height=\"630\" data-attachment-id=\"122541\" data-permalink=\"https:\/\/eldiariodesanpedro.com.ar\/sitio\/el-centro-municipal-marcelina-suarez-festejo-el-dia-de-la-primavera\/imagen-de-whatsapp-2023-09-22-a-las-14-30-23\/\" data-orig-file=\"https:\/\/eldiariodesanpedro.com.ar\/sitio\/wp-content\/uploads\/2023\/09\/Imagen-de-WhatsApp-2023-09-22-a-las-14.30.23.jpg\" data-orig-size=\"1002,630\" data-comments-opened=\"0\" data-image-meta=\"{&quot;aperture&quot;:&quot;0&quot;,&quot;credit&quot;:&quot;&quot;,&quot;camera&quot;:&quot;&quot;,&quot;caption&quot;:&quot;&quot;,&quot;created_timestamp&quot;:&quot;0&quot;,&quot;copyright&quot;:&quot;&quot;,&quot;focal_length&quot;:&quot;0&quot;,&quot;iso&quot;:&quot;0&quot;,&quot;shutter_speed&quot;:&quot;0&quot;,&quot;title&quot;:&quot;&quot;,&quot;orientation&quot;:&quot;0&quot;}\" data-image-title=\"Imagen de WhatsApp 2023-09-22 a las 14.30.23\" data-image-description=\"\" data-image-caption=\"\" data-large-file=\"https:\/\/eldiariodesanpedro.com.ar\/sitio\/wp-content\/uploads\/2023\/09\/Imagen-de-WhatsApp-2023-09-22-a-las-14.30.23.jpg\" data-src=\"https:\/\/eldiariodesanpedro.com.ar\/sitio\/wp-content\/uploads\/2023\/09\/Imagen-de-WhatsApp-2023-09-22-a-las-14.30.23.jpg\" alt=\"\" class=\"wp-image-122541 lazyload\" data-srcset=\"https:\/\/eldiariodesanpedro.com.ar\/sitio\/wp-content\/uploads\/2023\/09\/Imagen-de-WhatsApp-2023-09-22-a-las-14.30.23.jpg 1002w, https:\/\/eldiariodesanpedro.com.ar\/sitio\/wp-content\/uploads\/2023\/09\/Imagen-de-WhatsApp-2023-09-22-a-las-14.30.23-300x189.jpg 300w, https:\/\/eldiariodesanpedro.com.ar\/sitio\/wp-content\/uploads\/2023\/09\/Imagen-de-WhatsApp-2023-09-22-a-las-14.30.23-768x483.jpg 768w, https:\/\/eldiariodesanpedro.com.ar\/sitio\/wp-content\/uploads\/2023\/09\/Imagen-de-WhatsApp-2023-09-22-a-las-14.30.23-345x218.jpg 345w, https:\/\/eldiariodesanpedro.com.ar\/sitio\/wp-content\/uploads\/2023\/09\/Imagen-de-WhatsApp-2023-09-22-a-las-14.30.23-700x441.jpg 700w\" data-sizes=\"(max-width: 1002px) 100vw, 1002px\" src=\"data:image\/svg+xml;base64,PHN2ZyB3aWR0aD0iMSIgaGVpZ2h0PSIxIiB4bWxucz0iaHR0cDovL3d3dy53My5vcmcvMjAwMC9zdmciPjwvc3ZnPg==\" style=\"--smush-placeholder-width: 1002px; --smush-placeholder-aspect-ratio: 1002\/630;\" \/><\/figure>\n\n\n\n<figure class=\"wp-block-image size-full\"><img decoding=\"async\" width=\"840\" height=\"630\" data-attachment-id=\"122542\" data-permalink=\"https:\/\/eldiariodesanpedro.com.ar\/sitio\/el-centro-municipal-marcelina-suarez-festejo-el-dia-de-la-primavera\/imagen-de-whatsapp-2023-09-22-a-las-14-30-29\/\" data-orig-file=\"https:\/\/eldiariodesanpedro.com.ar\/sitio\/wp-content\/uploads\/2023\/09\/Imagen-de-WhatsApp-2023-09-22-a-las-14.30.29.jpg\" data-orig-size=\"840,630\" data-comments-opened=\"0\" data-image-meta=\"{&quot;aperture&quot;:&quot;0&quot;,&quot;credit&quot;:&quot;&quot;,&quot;camera&quot;:&quot;&quot;,&quot;caption&quot;:&quot;&quot;,&quot;created_timestamp&quot;:&quot;0&quot;,&quot;copyright&quot;:&quot;&quot;,&quot;focal_length&quot;:&quot;0&quot;,&quot;iso&quot;:&quot;0&quot;,&quot;shutter_speed&quot;:&quot;0&quot;,&quot;title&quot;:&quot;&quot;,&quot;orientation&quot;:&quot;0&quot;}\" data-image-title=\"Imagen de WhatsApp 2023-09-22 a las 14.30.29\" data-image-description=\"\" data-image-caption=\"\" data-large-file=\"https:\/\/eldiariodesanpedro.com.ar\/sitio\/wp-content\/uploads\/2023\/09\/Imagen-de-WhatsApp-2023-09-22-a-las-14.30.29.jpg\" data-src=\"https:\/\/eldiariodesanpedro.com.ar\/sitio\/wp-content\/uploads\/2023\/09\/Imagen-de-WhatsApp-2023-09-22-a-las-14.30.29.jpg\" alt=\"\" class=\"wp-image-122542 lazyload\" data-srcset=\"https:\/\/eldiariodesanpedro.com.ar\/sitio\/wp-content\/uploads\/2023\/09\/Imagen-de-WhatsApp-2023-09-22-a-las-14.30.29.jpg 840w, https:\/\/eldiariodesanpedro.com.ar\/sitio\/wp-content\/uploads\/2023\/09\/Imagen-de-WhatsApp-2023-09-22-a-las-14.30.29-300x225.jpg 300w, https:\/\/eldiariodesanpedro.com.ar\/sitio\/wp-content\/uploads\/2023\/09\/Imagen-de-WhatsApp-2023-09-22-a-las-14.30.29-768x576.jpg 768w, https:\/\/eldiariodesanpedro.com.ar\/sitio\/wp-content\/uploads\/2023\/09\/Imagen-de-WhatsApp-2023-09-22-a-las-14.30.29-272x204.jpg 272w\" data-sizes=\"(max-width: 840px) 100vw, 840px\" src=\"data:image\/svg+xml;base64,PHN2ZyB3aWR0aD0iMSIgaGVpZ2h0PSIxIiB4bWxucz0iaHR0cDovL3d3dy53My5vcmcvMjAwMC9zdmciPjwvc3ZnPg==\" style=\"--smush-placeholder-width: 840px; --smush-placeholder-aspect-ratio: 840\/630;\" \/><\/figure>\n","protected":false},"excerpt":{"rendered":"<p>Este jueves, en el marco del d\u00eda de la Primavera se concretaron los festejos organizados en colaboraci\u00f3n entre la Municipalidad de San Pedro, el Centro Infantil de Recreaci\u00f3n \u00abLa Colmenita\u00bb del MTE y el Programa Envi\u00f3n en el Centro Municipal \u00abMarcelina Suarez\u00bb del barrio La Tosquera. Participaron del encuentro los ni\u00f1os y ni\u00f1as que asisten [&hellip;]<\/p>\n","protected":false},"author":4,"featured_media":122540,"comment_status":"closed","ping_status":"closed","sticky":false,"template":"","format":"standard","meta":{"om_disable_all_campaigns":false,"_jetpack_memberships_contains_paid_content":false,"footnotes":""},"categories":[101,2],"tags":[197,696,33,19],"class_list":["post-122539","post","type-post","status-publish","format-standard","has-post-thumbnail","hentry","category-interes-general-locales","category-locales","tag-buenos-aires","tag-interes-general","tag-locales","tag-san-pedro"],"aioseo_notices":[],"gutentor_comment":0,"jetpack_featured_media_url":"https:\/\/eldiariodesanpedro.com.ar\/sitio\/wp-content\/uploads\/2023\/09\/Imagen-de-WhatsApp-2023-09-22-a-las-14.30.22.jpg","jetpack_shortlink":"https:\/\/wp.me\/p6RhLt-vSr","jetpack_sharing_enabled":true,"_links":{"self":[{"href":"https:\/\/eldiariodesanpedro.com.ar\/sitio\/wp-json\/wp\/v2\/posts\/122539","targetHints":{"allow":["GET"]}}],"collection":[{"href":"https:\/\/eldiariodesanpedro.com.ar\/sitio\/wp-json\/wp\/v2\/posts"}],"about":[{"href":"https:\/\/eldiariodesanpedro.com.ar\/sitio\/wp-json\/wp\/v2\/types\/post"}],"author":[{"embeddable":true,"href":"https:\/\/eldiariodesanpedro.com.ar\/sitio\/wp-json\/wp\/v2\/users\/4"}],"replies":[{"embeddable":true,"href":"https:\/\/eldiariodesanpedro.com.ar\/sitio\/wp-json\/wp\/v2\/comments?post=122539"}],"version-history":[{"count":1,"href":"https:\/\/eldiariodesanpedro.com.ar\/sitio\/wp-json\/wp\/v2\/posts\/122539\/revisions"}],"predecessor-version":[{"id":122545,"href":"https:\/\/eldiariodesanpedro.com.ar\/sitio\/wp-json\/wp\/v2\/posts\/122539\/revisions\/122545"}],"wp:featuredmedia":[{"embeddable":true,"href":"https:\/\/eldiariodesanpedro.com.ar\/sitio\/wp-json\/wp\/v2\/media\/122540"}],"wp:attachment":[{"href":"https:\/\/eldiariodesanpedro.com.ar\/sitio\/wp-json\/wp\/v2\/media?parent=122539"}],"wp:term":[{"taxonomy":"category","embeddable":true,"href":"https:\/\/eldiariodesanpedro.com.ar\/sitio\/wp-json\/wp\/v2\/categories?post=122539"},{"taxonomy":"post_tag","embeddable":true,"href":"https:\/\/eldiariodesanpedro.com.ar\/sitio\/wp-json\/wp\/v2\/tags?post=122539"}],"curies":[{"name":"wp","href":"https:\/\/api.w.org\/{rel}","templated":true}]}}