{"id":122518,"date":"2023-09-25T22:18:35","date_gmt":"2023-09-26T01:18:35","guid":{"rendered":"https:\/\/eldiariodesanpedro.com.ar\/sitio\/?p=122518"},"modified":"2023-09-25T22:18:37","modified_gmt":"2023-09-26T01:18:37","slug":"edicto-de-sucesion-de-kroh-antonio-jose","status":"publish","type":"post","link":"https:\/\/eldiariodesanpedro.com.ar\/sitio\/edicto-de-sucesion-de-kroh-antonio-jose\/","title":{"rendered":"Edicto de Sucesi\u00f3n de Kroh Antonio Jos\u00e9"},"content":{"rendered":"<!-- VideographyWP Plugin Message: Automatic video embedding prevented by plugin options. -->\n\n<p>El Juzgado de Paz Letrado de Baradero del Departamento Judicial de San Nicol\u00e1s cita y emplaza por treinta d\u00edas a herederos y acreedores de <strong>Kroh, Antonio Jos\u00e9<\/strong> . Baradero, 18 de Septiembre de 2023.<\/p>\n\n\n\n<p>(Publicaci\u00f3n V\u00e1lida los d\u00edas 25, 26 y 27 de septiembre de 2023)<br><a href=\"https:\/\/notificaciones.scba.gov.ar\/verificarnotificacion.aspx?codNotif=DY8RC60Z35KN\">https:\/\/notificaciones.scba.gov.ar\/verificarnotificacion.aspx?codNotif=DY8RC60Z35KN<\/a><\/p>\n","protected":false},"excerpt":{"rendered":"<p>El Juzgado de Paz Letrado de Baradero del Departamento Judicial de San Nicol\u00e1s cita y emplaza por treinta d\u00edas a herederos y acreedores de Kroh, Antonio Jos\u00e9 . Baradero, 18 de Septiembre de 2023. (Publicaci\u00f3n V\u00e1lida los d\u00edas 25, 26 y 27 de septiembre de 2023)https:\/\/notificaciones.scba.gov.ar\/verificarnotificacion.aspx?codNotif=DY8RC60Z35KN<\/p>\n","protected":false},"author":4,"featured_media":102746,"comment_status":"closed","ping_status":"closed","sticky":false,"template":"","format":"standard","meta":{"om_disable_all_campaigns":false,"_jetpack_memberships_contains_paid_content":false,"footnotes":""},"categories":[676,677],"tags":[4505],"class_list":["post-122518","post","type-post","status-publish","format-standard","has-post-thumbnail","hentry","category-edictos","category-edictos-sucesorios","tag-edicto-de-sucesion-de-kroh-antonio-jose"],"aioseo_notices":[],"gutentor_comment":0,"jetpack_featured_media_url":"https:\/\/eldiariodesanpedro.com.ar\/sitio\/wp-content\/uploads\/2022\/01\/EDICTO.jpg","jetpack_shortlink":"https:\/\/wp.me\/p6RhLt-vS6","jetpack_sharing_enabled":true,"_links":{"self":[{"href":"https:\/\/eldiariodesanpedro.com.ar\/sitio\/wp-json\/wp\/v2\/posts\/122518","targetHints":{"allow":["GET"]}}],"collection":[{"href":"https:\/\/eldiariodesanpedro.com.ar\/sitio\/wp-json\/wp\/v2\/posts"}],"about":[{"href":"https:\/\/eldiariodesanpedro.com.ar\/sitio\/wp-json\/wp\/v2\/types\/post"}],"author":[{"embeddable":true,"href":"https:\/\/eldiariodesanpedro.com.ar\/sitio\/wp-json\/wp\/v2\/users\/4"}],"replies":[{"embeddable":true,"href":"https:\/\/eldiariodesanpedro.com.ar\/sitio\/wp-json\/wp\/v2\/comments?post=122518"}],"version-history":[{"count":1,"href":"https:\/\/eldiariodesanpedro.com.ar\/sitio\/wp-json\/wp\/v2\/posts\/122518\/revisions"}],"predecessor-version":[{"id":122519,"href":"https:\/\/eldiariodesanpedro.com.ar\/sitio\/wp-json\/wp\/v2\/posts\/122518\/revisions\/122519"}],"wp:featuredmedia":[{"embeddable":true,"href":"https:\/\/eldiariodesanpedro.com.ar\/sitio\/wp-json\/wp\/v2\/media\/102746"}],"wp:attachment":[{"href":"https:\/\/eldiariodesanpedro.com.ar\/sitio\/wp-json\/wp\/v2\/media?parent=122518"}],"wp:term":[{"taxonomy":"category","embeddable":true,"href":"https:\/\/eldiariodesanpedro.com.ar\/sitio\/wp-json\/wp\/v2\/categories?post=122518"},{"taxonomy":"post_tag","embeddable":true,"href":"https:\/\/eldiariodesanpedro.com.ar\/sitio\/wp-json\/wp\/v2\/tags?post=122518"}],"curies":[{"name":"wp","href":"https:\/\/api.w.org\/{rel}","templated":true}]}}