{"id":122511,"date":"2023-09-21T20:31:51","date_gmt":"2023-09-21T23:31:51","guid":{"rendered":"https:\/\/eldiariodesanpedro.com.ar\/sitio\/?p=122511"},"modified":"2023-09-21T20:31:52","modified_gmt":"2023-09-21T23:31:52","slug":"salazar-hablo-de-la-ex-mansa-lyfe-lo-que-corresponde-es-que-quede-a-cargo-del-municipio","status":"publish","type":"post","link":"https:\/\/eldiariodesanpedro.com.ar\/sitio\/salazar-hablo-de-la-ex-mansa-lyfe-lo-que-corresponde-es-que-quede-a-cargo-del-municipio\/","title":{"rendered":"Salazar habl\u00f3 de la ex Mansa Lyfe: \u00abLo que corresponde es que quede a cargo del municipio\u00bb"},"content":{"rendered":"<!-- VideographyWP Plugin Message: Automatic video embedding prevented by plugin options. -->\n\n<p>D\u00edas atr\u00e1s el municipio se hizo cargo del predio de la ex Mansa Lyfe luego de que el sindicato de Luz y Fuerza decidiera dejarlo una vez concluido la conseci\u00f3n.<\/p>\n\n\n\n<p>El Intendente Municipal habl\u00f3 en el aire de FM G\u00e9nesis y San Pedro Informa, y se refiri\u00f3 al tema remarcando que por ahora ser\u00e1 el municipio quien se haga cargo.<\/p>\n\n\n\n<p>\u00abEl jueves pasado firmamos la recepcion del predio y estamos analizando con el equipo qu\u00e9 es lo que vamos hacer, pero ya sab\u00edamos que nos iban a entregar el predio\u00bb, sostuvo Salazar.<\/p>\n\n\n\n<p>\u00abDesde mi punto de vista y creo que lo que va a pasar, es que eso lo conservemos y con el tiempo veremos, pero ahora lo que corresponde es que quede a cargo del municipio y que lo pongamos en las mejores condiciones posibles\u00bb.<\/p>\n\n\n\n<p>\u00abLa idea es que el municipio se encargue del mismo, ya le ordenamos a Mariela L\u00f3pez para que trabaje en el tema, se est\u00e1n tirando ideas para hacer varias cosas\u00bb, remarc\u00f3 el funcionario.<\/p>\n\n\n\n<p>\u00abEs un lugar hermoso en el que se pueden hacer varias cosas\u00bb, destac\u00f3 el Intendente.<\/p>\n","protected":false},"excerpt":{"rendered":"<p>D\u00edas atr\u00e1s el municipio se hizo cargo del predio de la ex Mansa Lyfe luego de que el sindicato de Luz y Fuerza decidiera dejarlo una vez concluido la conseci\u00f3n. El Intendente Municipal habl\u00f3 en el aire de FM G\u00e9nesis y San Pedro Informa, y se refiri\u00f3 al tema remarcando que por ahora ser\u00e1 el [&hellip;]<\/p>\n","protected":false},"author":4,"featured_media":14470,"comment_status":"closed","ping_status":"closed","sticky":false,"template":"","format":"standard","meta":{"om_disable_all_campaigns":false,"_jetpack_memberships_contains_paid_content":false,"footnotes":""},"categories":[50,101,2],"tags":[4503],"class_list":["post-122511","post","type-post","status-publish","format-standard","has-post-thumbnail","hentry","category-destacadas","category-interes-general-locales","category-locales","tag-salazar-hablo-de-la-ex-mansa-lyfe-lo-que-corresponde-es-que-quede-a-cargo-del-municipio"],"aioseo_notices":[],"gutentor_comment":0,"jetpack_featured_media_url":"https:\/\/eldiariodesanpedro.com.ar\/sitio\/wp-content\/uploads\/2017\/02\/mansalyfe1.jpg","jetpack_shortlink":"https:\/\/wp.me\/p6RhLt-vRZ","jetpack_sharing_enabled":true,"_links":{"self":[{"href":"https:\/\/eldiariodesanpedro.com.ar\/sitio\/wp-json\/wp\/v2\/posts\/122511","targetHints":{"allow":["GET"]}}],"collection":[{"href":"https:\/\/eldiariodesanpedro.com.ar\/sitio\/wp-json\/wp\/v2\/posts"}],"about":[{"href":"https:\/\/eldiariodesanpedro.com.ar\/sitio\/wp-json\/wp\/v2\/types\/post"}],"author":[{"embeddable":true,"href":"https:\/\/eldiariodesanpedro.com.ar\/sitio\/wp-json\/wp\/v2\/users\/4"}],"replies":[{"embeddable":true,"href":"https:\/\/eldiariodesanpedro.com.ar\/sitio\/wp-json\/wp\/v2\/comments?post=122511"}],"version-history":[{"count":1,"href":"https:\/\/eldiariodesanpedro.com.ar\/sitio\/wp-json\/wp\/v2\/posts\/122511\/revisions"}],"predecessor-version":[{"id":122512,"href":"https:\/\/eldiariodesanpedro.com.ar\/sitio\/wp-json\/wp\/v2\/posts\/122511\/revisions\/122512"}],"wp:featuredmedia":[{"embeddable":true,"href":"https:\/\/eldiariodesanpedro.com.ar\/sitio\/wp-json\/wp\/v2\/media\/14470"}],"wp:attachment":[{"href":"https:\/\/eldiariodesanpedro.com.ar\/sitio\/wp-json\/wp\/v2\/media?parent=122511"}],"wp:term":[{"taxonomy":"category","embeddable":true,"href":"https:\/\/eldiariodesanpedro.com.ar\/sitio\/wp-json\/wp\/v2\/categories?post=122511"},{"taxonomy":"post_tag","embeddable":true,"href":"https:\/\/eldiariodesanpedro.com.ar\/sitio\/wp-json\/wp\/v2\/tags?post=122511"}],"curies":[{"name":"wp","href":"https:\/\/api.w.org\/{rel}","templated":true}]}}