{"id":12251,"date":"2017-01-04T19:52:17","date_gmt":"2017-01-04T22:52:17","guid":{"rendered":"https:\/\/eldiariodesanpedro.com.ar\/sitio\/?p=12251"},"modified":"2026-01-24T00:39:14","modified_gmt":"2026-01-24T03:39:14","slug":"silva-vamos-a-abrir-la-primera-semana-de-febrero","status":"publish","type":"post","link":"https:\/\/eldiariodesanpedro.com.ar\/sitio\/silva-vamos-a-abrir-la-primera-semana-de-febrero\/","title":{"rendered":"Silva: \u00abVamos a abrir la primera semana de febrero\u201d"},"content":{"rendered":"<p><!-- VideographyWP Plugin Message: Automatic video embedding prevented by plugin options. --><br \/>\nLo asegur\u00f3 Oscar Silva, integrante del Consejo de Administraci\u00f3n de Coopser. \u201cEst\u00e1 quedando b\u00e1rbara, para mi gusto, preciosa\u201d, dijo. \u201cEl avance de las obras viene bien, vamos a abrir la primera semana de febrero\u201d, asegur\u00f3 el directivo y agreg\u00f3: \u201cLa \u00faltima parte grande es cambiar el sector de rayos que estaba en el medio del edificio, pero despu\u00e9s lo edilicio se trabaj\u00f3 permanentemente, 12.00 por d\u00eda, se lo est\u00e1 mejorando much\u00edsimo\u201d.<\/p>\n<p>Asimismo se\u00f1al\u00f3: \u201cLa idea de la Cooperativa es llegar a tener un centro de recepci\u00f3n y atenci\u00f3n que sirva para salvar vidas. Hoy nos ocurre que perdemos a un familiar por falta de tecnolog\u00eda\u201d.<\/p>\n<p>Al tiempo que sostuvo que \u201chay distintos ofrecimientos\u201d y sobre ello, explic\u00f3: \u201cHay un proyecto que no va a ser ya, un centro de hemodinamia para colocar stents y dem\u00e1s, est\u00e1 la propuesta para traer un resonador, un tom\u00f3grafo, para eso tenemos que generar las condiciones\u201d. Pero \u201cestas cosas se pueden hacer con la cl\u00ednica ya funcionando, lo que tenemos que dejar es todo listo\u201d.<\/p>\n<p>Adem\u00e1s cont\u00f3: \u201cCon la gente que hace di\u00e1lisis avanzamos en alguna charla, pudimos renegociar el contrato y llegamos a un acuerdo, la idea de ellos es que estar\u00edan necesitando a futuro mayor espacio. Nos hablaron hasta de poder hacer un centro de transplantes renales, es una gente de much\u00edsimo prestigio en Rosario\u201d.<\/p>\n","protected":false},"excerpt":{"rendered":"<p>Lo asegur\u00f3 Oscar Silva, integrante del Consejo de Administraci\u00f3n de Coopser. \u201cEst\u00e1 quedando b\u00e1rbara, para mi gusto, preciosa\u201d, dijo. \u201cEl avance de las obras viene bien, vamos a abrir la primera semana de febrero\u201d, asegur\u00f3 el directivo y agreg\u00f3: \u201cLa \u00faltima parte grande es cambiar el sector de rayos que estaba en el medio del [&hellip;]<\/p>\n","protected":false},"author":4,"featured_media":12253,"comment_status":"open","ping_status":"closed","sticky":false,"template":"","format":"standard","meta":{"om_disable_all_campaigns":false,"_jetpack_memberships_contains_paid_content":false,"footnotes":""},"categories":[2],"tags":[],"class_list":["post-12251","post","type-post","status-publish","format-standard","has-post-thumbnail","hentry","category-locales"],"aioseo_notices":[],"gutentor_comment":0,"jetpack_featured_media_url":"https:\/\/eldiariodesanpedro.com.ar\/sitio\/wp-content\/uploads\/2017\/01\/oscar-silva.jpg","jetpack_shortlink":"https:\/\/wp.me\/p6RhLt-3bB","jetpack_sharing_enabled":true,"_links":{"self":[{"href":"https:\/\/eldiariodesanpedro.com.ar\/sitio\/wp-json\/wp\/v2\/posts\/12251","targetHints":{"allow":["GET"]}}],"collection":[{"href":"https:\/\/eldiariodesanpedro.com.ar\/sitio\/wp-json\/wp\/v2\/posts"}],"about":[{"href":"https:\/\/eldiariodesanpedro.com.ar\/sitio\/wp-json\/wp\/v2\/types\/post"}],"author":[{"embeddable":true,"href":"https:\/\/eldiariodesanpedro.com.ar\/sitio\/wp-json\/wp\/v2\/users\/4"}],"replies":[{"embeddable":true,"href":"https:\/\/eldiariodesanpedro.com.ar\/sitio\/wp-json\/wp\/v2\/comments?post=12251"}],"version-history":[{"count":1,"href":"https:\/\/eldiariodesanpedro.com.ar\/sitio\/wp-json\/wp\/v2\/posts\/12251\/revisions"}],"predecessor-version":[{"id":12252,"href":"https:\/\/eldiariodesanpedro.com.ar\/sitio\/wp-json\/wp\/v2\/posts\/12251\/revisions\/12252"}],"wp:featuredmedia":[{"embeddable":true,"href":"https:\/\/eldiariodesanpedro.com.ar\/sitio\/wp-json\/wp\/v2\/media\/12253"}],"wp:attachment":[{"href":"https:\/\/eldiariodesanpedro.com.ar\/sitio\/wp-json\/wp\/v2\/media?parent=12251"}],"wp:term":[{"taxonomy":"category","embeddable":true,"href":"https:\/\/eldiariodesanpedro.com.ar\/sitio\/wp-json\/wp\/v2\/categories?post=12251"},{"taxonomy":"post_tag","embeddable":true,"href":"https:\/\/eldiariodesanpedro.com.ar\/sitio\/wp-json\/wp\/v2\/tags?post=12251"}],"curies":[{"name":"wp","href":"https:\/\/api.w.org\/{rel}","templated":true}]}}