{"id":122509,"date":"2023-09-21T20:18:31","date_gmt":"2023-09-21T23:18:31","guid":{"rendered":"https:\/\/eldiariodesanpedro.com.ar\/sitio\/?p=122509"},"modified":"2023-09-21T20:18:33","modified_gmt":"2023-09-21T23:18:33","slug":"un-audio-complica-la-situacion-judicial-del-piromaniaco","status":"publish","type":"post","link":"https:\/\/eldiariodesanpedro.com.ar\/sitio\/un-audio-complica-la-situacion-judicial-del-piromaniaco\/","title":{"rendered":"Un audio complica la situaci\u00f3n judicial del piroman\u00edaco"},"content":{"rendered":"<!-- VideographyWP Plugin Message: Automatic video embedding prevented by plugin options. -->\n\n<p>Pasan las horas y se va agudizando la situaci\u00f3n judicial de Salvador Eirin, el joven de 30 a\u00f1os que amenaz\u00f3 e incendi\u00f3 el negocio del comerciante Joaqu\u00edn Iglesias.<\/p>\n\n\n\n<p>Todo estar\u00eda encaminado para que la defensa de la v\u00edctima a cargo del abogado Mauricio Gugger solicite el cambio de car\u00e1tula.<\/p>\n\n\n\n<p>Esto estar\u00eda basado en que a medida que se fueron conociendo detalles de lo sucedido tambi\u00e9n se sumaron puntos en contra de El acusado ya que testigos comentaron que observaron c\u00f3mo eirin una vez retirado del pago en donde se origin\u00f3 el incidente continuaba agrediendo verbalmente a Iglesias y un agravante a\u00fan m\u00e1s repudiable es que tambi\u00e9n se conoci\u00f3 un audio que el propio agresor envi\u00f3 a un amigo y que luego se viraliz\u00f3 y all\u00ed cuenta lo sucedido pero se refiere a Iglesias en forma despectiva por su condici\u00f3n sexual.<\/p>\n\n\n\n<p>\u00abAmigo, reci\u00e9n le prend\u00ed fuego la casa al&#8230;\u00bb<\/p>\n\n\n\n<p>\u00abEstoy en problemas, me van a llevar preso&#8230;\u00bb, expresaba el acusado minutos despu\u00e9s de cometido el il\u00edcito.<\/p>\n\n\n\n<p>La otra medida que solicitar\u00e1 el doctor wuger en la inmediatez es un impedimento a que eilin en caso de recuperar la libertad se acerque a Iglesias ya que son vecinos y viven a tan solo dos cuadras de diferencia y debido a las caracter\u00edsticas de lo acontecido para la v\u00edctima es un dato no menor y que preocupa.<\/p>\n\n\n\n<p>La defensa de Salvador Eirin a cargo de un defensor oficial solicit\u00f3 la excarcelaci\u00f3n del joven y se aguarda tambi\u00e9n una resoluci\u00f3n sobre ese tema.<\/p>\n\n\n\n<p>El hecho ocurri\u00f3 en la madrugada del s\u00e1bado cuando luego de un episodio acontecido en el interior del pap Dubai el agresor se dirigi\u00f3 a la casa de Joaqu\u00edn Iglesias y arroj\u00f3 combustible sobre el frente del comercio del rubro papelera y lo incendi\u00f3 posteriormente regres\u00f3 y le propin\u00f3 amenazas al propio comerciante lo que agrav\u00f3 la situaci\u00f3n del acusado qui\u00e9n fue detenido al d\u00eda siguiente.<\/p>\n","protected":false},"excerpt":{"rendered":"<p>Pasan las horas y se va agudizando la situaci\u00f3n judicial de Salvador Eirin, el joven de 30 a\u00f1os que amenaz\u00f3 e incendi\u00f3 el negocio del comerciante Joaqu\u00edn Iglesias. Todo estar\u00eda encaminado para que la defensa de la v\u00edctima a cargo del abogado Mauricio Gugger solicite el cambio de car\u00e1tula. Esto estar\u00eda basado en que a [&hellip;]<\/p>\n","protected":false},"author":4,"featured_media":122427,"comment_status":"closed","ping_status":"closed","sticky":false,"template":"","format":"standard","meta":{"om_disable_all_campaigns":false,"_jetpack_memberships_contains_paid_content":false,"footnotes":""},"categories":[50,2,103],"tags":[197,696,33,19],"class_list":["post-122509","post","type-post","status-publish","format-standard","has-post-thumbnail","hentry","category-destacadas","category-locales","category-policiales-locales","tag-buenos-aires","tag-interes-general","tag-locales","tag-san-pedro"],"aioseo_notices":[],"gutentor_comment":0,"jetpack_featured_media_url":"https:\/\/eldiariodesanpedro.com.ar\/sitio\/wp-content\/uploads\/2023\/09\/Detenido-incendio-.jpg","jetpack_shortlink":"https:\/\/wp.me\/p6RhLt-vRX","jetpack_sharing_enabled":true,"_links":{"self":[{"href":"https:\/\/eldiariodesanpedro.com.ar\/sitio\/wp-json\/wp\/v2\/posts\/122509","targetHints":{"allow":["GET"]}}],"collection":[{"href":"https:\/\/eldiariodesanpedro.com.ar\/sitio\/wp-json\/wp\/v2\/posts"}],"about":[{"href":"https:\/\/eldiariodesanpedro.com.ar\/sitio\/wp-json\/wp\/v2\/types\/post"}],"author":[{"embeddable":true,"href":"https:\/\/eldiariodesanpedro.com.ar\/sitio\/wp-json\/wp\/v2\/users\/4"}],"replies":[{"embeddable":true,"href":"https:\/\/eldiariodesanpedro.com.ar\/sitio\/wp-json\/wp\/v2\/comments?post=122509"}],"version-history":[{"count":1,"href":"https:\/\/eldiariodesanpedro.com.ar\/sitio\/wp-json\/wp\/v2\/posts\/122509\/revisions"}],"predecessor-version":[{"id":122510,"href":"https:\/\/eldiariodesanpedro.com.ar\/sitio\/wp-json\/wp\/v2\/posts\/122509\/revisions\/122510"}],"wp:featuredmedia":[{"embeddable":true,"href":"https:\/\/eldiariodesanpedro.com.ar\/sitio\/wp-json\/wp\/v2\/media\/122427"}],"wp:attachment":[{"href":"https:\/\/eldiariodesanpedro.com.ar\/sitio\/wp-json\/wp\/v2\/media?parent=122509"}],"wp:term":[{"taxonomy":"category","embeddable":true,"href":"https:\/\/eldiariodesanpedro.com.ar\/sitio\/wp-json\/wp\/v2\/categories?post=122509"},{"taxonomy":"post_tag","embeddable":true,"href":"https:\/\/eldiariodesanpedro.com.ar\/sitio\/wp-json\/wp\/v2\/tags?post=122509"}],"curies":[{"name":"wp","href":"https:\/\/api.w.org\/{rel}","templated":true}]}}