{"id":122506,"date":"2023-09-21T20:05:01","date_gmt":"2023-09-21T23:05:01","guid":{"rendered":"https:\/\/eldiariodesanpedro.com.ar\/sitio\/?p=122506"},"modified":"2023-09-21T20:05:03","modified_gmt":"2023-09-21T23:05:03","slug":"detienen-a-ex-jefe-de-calle-acusado-de-integrar-una-banda-que-delinquia-en-la-region","status":"publish","type":"post","link":"https:\/\/eldiariodesanpedro.com.ar\/sitio\/detienen-a-ex-jefe-de-calle-acusado-de-integrar-una-banda-que-delinquia-en-la-region\/","title":{"rendered":"Detienen a ex jefe de calle acusado de integrar una banda que delinqu\u00eda en la regi\u00f3n"},"content":{"rendered":"<!-- VideographyWP Plugin Message: Automatic video embedding prevented by plugin options. -->\n\n<p>En un operativo encabezado por la Polic\u00eda Federal y ordenado por los Fiscales Patricio Mujica D\u00edaz y Ver\u00f3nica Marcantonio se desbarat\u00f3 una banda compuesta en su mayor\u00eda por efectivos policiales que en la actualidad cumpl\u00edan funciones en distintas dependencias pertenecientes a la Departamental San Nicol\u00e1s.<\/p>\n\n\n\n<p>Entre los detenidos aparece el Oficial Principal Juan Reynoso, qui\u00e9n en la actualidad cumple funciones en Baradero pero tambi\u00e9n lo hizo en otras dependencias de la zona, entre ellas la Comisar\u00eda San Pedro, en donde hace varios a\u00f1os se desempe\u00f1\u00f3 como jefe de calle. Reinoso, quien tambi\u00e9n es abogado, es oriundo de Santa Luc\u00eda e integrante de una familia vinculada a la fuerza.<\/p>\n\n\n\n<p>Los cargos en contra del funcionario son graves y adem\u00e1s con su detenci\u00f3n comienza a \u00abhacer ruido\u00bb otras cuestiones que se ven\u00edan originando en esa zona donde los robos y la venta de droga hab\u00edan crecido de manera preocupante.<\/p>\n\n\n\n<p>M\u00e1s grave es a\u00fan la gran cantidad de efectivos de la Polic\u00eda Bonaerense que est\u00e1n vinculados a la banda directa o indirectamente, lo que tambi\u00e9n explicar\u00eda el porqu\u00e9 del crecimiento en la regi\u00f3n de este tipo de delitos.<\/p>\n\n\n\n<p>En total son 7 los detenidos y 25 los allanamientos efectuados entre los que sobresalen los efectuados a propiedades de otros polic\u00edas como as\u00ed tambi\u00e9n en la c\u00e1rcel de Vella Vista, Corrientes.<\/p>\n\n\n\n<p>Los operativos se efectuaron en San Nicol\u00e1s, Campos Salles, Ramallo y Santa Luc\u00eda. Se secuestraron diversos elementos que se suman a la investigaci\u00f3n y no se descarta que con el correr de las horas contin\u00faen las tareas porque habr\u00eda m\u00e1s personas involucradas.<\/p>\n","protected":false},"excerpt":{"rendered":"<p>En un operativo encabezado por la Polic\u00eda Federal y ordenado por los Fiscales Patricio Mujica D\u00edaz y Ver\u00f3nica Marcantonio se desbarat\u00f3 una banda compuesta en su mayor\u00eda por efectivos policiales que en la actualidad cumpl\u00edan funciones en distintas dependencias pertenecientes a la Departamental San Nicol\u00e1s. Entre los detenidos aparece el Oficial Principal Juan Reynoso, qui\u00e9n [&hellip;]<\/p>\n","protected":false},"author":4,"featured_media":122507,"comment_status":"closed","ping_status":"closed","sticky":false,"template":"","format":"standard","meta":{"om_disable_all_campaigns":false,"_jetpack_memberships_contains_paid_content":false,"footnotes":""},"categories":[50,2,103],"tags":[197,696,33,19],"class_list":["post-122506","post","type-post","status-publish","format-standard","has-post-thumbnail","hentry","category-destacadas","category-locales","category-policiales-locales","tag-buenos-aires","tag-interes-general","tag-locales","tag-san-pedro"],"aioseo_notices":[],"gutentor_comment":0,"jetpack_featured_media_url":"https:\/\/eldiariodesanpedro.com.ar\/sitio\/wp-content\/uploads\/2023\/09\/Allanamientos-policias-detenidos-2-.jpg","jetpack_shortlink":"https:\/\/wp.me\/p6RhLt-vRU","jetpack_sharing_enabled":true,"_links":{"self":[{"href":"https:\/\/eldiariodesanpedro.com.ar\/sitio\/wp-json\/wp\/v2\/posts\/122506","targetHints":{"allow":["GET"]}}],"collection":[{"href":"https:\/\/eldiariodesanpedro.com.ar\/sitio\/wp-json\/wp\/v2\/posts"}],"about":[{"href":"https:\/\/eldiariodesanpedro.com.ar\/sitio\/wp-json\/wp\/v2\/types\/post"}],"author":[{"embeddable":true,"href":"https:\/\/eldiariodesanpedro.com.ar\/sitio\/wp-json\/wp\/v2\/users\/4"}],"replies":[{"embeddable":true,"href":"https:\/\/eldiariodesanpedro.com.ar\/sitio\/wp-json\/wp\/v2\/comments?post=122506"}],"version-history":[{"count":1,"href":"https:\/\/eldiariodesanpedro.com.ar\/sitio\/wp-json\/wp\/v2\/posts\/122506\/revisions"}],"predecessor-version":[{"id":122508,"href":"https:\/\/eldiariodesanpedro.com.ar\/sitio\/wp-json\/wp\/v2\/posts\/122506\/revisions\/122508"}],"wp:featuredmedia":[{"embeddable":true,"href":"https:\/\/eldiariodesanpedro.com.ar\/sitio\/wp-json\/wp\/v2\/media\/122507"}],"wp:attachment":[{"href":"https:\/\/eldiariodesanpedro.com.ar\/sitio\/wp-json\/wp\/v2\/media?parent=122506"}],"wp:term":[{"taxonomy":"category","embeddable":true,"href":"https:\/\/eldiariodesanpedro.com.ar\/sitio\/wp-json\/wp\/v2\/categories?post=122506"},{"taxonomy":"post_tag","embeddable":true,"href":"https:\/\/eldiariodesanpedro.com.ar\/sitio\/wp-json\/wp\/v2\/tags?post=122506"}],"curies":[{"name":"wp","href":"https:\/\/api.w.org\/{rel}","templated":true}]}}