{"id":122503,"date":"2023-09-21T19:48:01","date_gmt":"2023-09-21T22:48:01","guid":{"rendered":"https:\/\/eldiariodesanpedro.com.ar\/sitio\/?p=122503"},"modified":"2023-09-21T19:48:02","modified_gmt":"2023-09-21T22:48:02","slug":"san-pedro-obtuvo-22-medallas-en-la-final-de-los-juegos-bonaerenses","status":"publish","type":"post","link":"https:\/\/eldiariodesanpedro.com.ar\/sitio\/san-pedro-obtuvo-22-medallas-en-la-final-de-los-juegos-bonaerenses\/","title":{"rendered":"San Pedro obtuvo 22 medallas en la final de los Juegos Bonaerenses"},"content":{"rendered":"<!-- VideographyWP Plugin Message: Automatic video embedding prevented by plugin options. -->\n\n<p>La delegaci\u00f3n de nuestra ciudad obtuvo 7 medallas de Oro, 4 de Plata y 11 de Bronce. Fue la mejor cosecha de los \u00faltimos a\u00f1os.<\/p>\n\n\n\n<p>Concluy\u00f3 en Mar del Plata la edici\u00f3n 2023 de los Juegos Bonaerenses. San Pedro estuvo representado por m\u00e1s de 250 participantes, quienes cumplieron una destacada labor obteniendo la mayor cantidad de medallas de los \u00faltimos a\u00f1os.<\/p>\n\n\n\n<p>En total fueron 22 las preseas ganadas, 7 de Oro, 4 de Plata y 11 de Bronce.<\/p>\n\n\n\n<p>Medallas de Oro fueron, en Nataci\u00f3n, Oriana Goitino, obtuvo el 1er. puesto en 25mts libre, y Nahiara Di Mateo gan\u00f3 en 25mts. espalda. Santiago Achucarro obtuvo el 1er. puesto en 25mts espalda y Gaspar Rocco se impuso en 25mts pecho.<\/p>\n\n\n\n<p>Evelyn C\u00e1ceres en Taekwondo y Juan Campos en Tenis de Mesa.<\/p>\n\n\n\n<p>Medalla de Plata fueron Narda Ferreyra que fue 2da. en velocidad y Milagros Trotta que obtuvo el 2do. puesto en Salto en Largo. Tambi\u00e9n alcanz\u00f3 la medalla de plata el equipo de F\u00fatbol mixto 7.<\/p>\n\n\n\n<p>En Nataci\u00f3n Felicitas Bilo obtuvo el 2do. puesto en 25mts espalda.<\/p>\n\n\n\n<p>El Bronce fue para Micaela Viladomat que obtuvo el 3er. puesto en Acuatlon y Jerem\u00edas Aguilar fue 5to. En la misma disciplina.<\/p>\n\n\n\n<p>En atletismo Maribel Iba\u00f1ez se qued\u00f3 con el 3er. puesto en Salto en Largo.<\/p>\n\n\n\n<p>Tambi\u00e9n el B\u00e1squet 3&#215;3 gan\u00f3 el Bronce; el equipo de Softbol Sub 14 masculino y los representantes de Taekwondo Iara Montis, Mateo Otto, Mateo Peralta y Agust\u00edn Fern\u00e1ndez.<\/p>\n\n\n\n<p>Candela Basaldua obtuvo la medalla de Bronce en Atletismo 400 metros.<\/p>\n\n\n\n<p>En Cultura obtuvo la medalla de Plata, Salvador Pinto Sigismundi en Video Minuto.<\/p>\n","protected":false},"excerpt":{"rendered":"<p>La delegaci\u00f3n de nuestra ciudad obtuvo 7 medallas de Oro, 4 de Plata y 11 de Bronce. Fue la mejor cosecha de los \u00faltimos a\u00f1os. Concluy\u00f3 en Mar del Plata la edici\u00f3n 2023 de los Juegos Bonaerenses. San Pedro estuvo representado por m\u00e1s de 250 participantes, quienes cumplieron una destacada labor obteniendo la mayor cantidad [&hellip;]<\/p>\n","protected":false},"author":4,"featured_media":122504,"comment_status":"closed","ping_status":"closed","sticky":false,"template":"","format":"standard","meta":{"om_disable_all_campaigns":false,"_jetpack_memberships_contains_paid_content":false,"footnotes":""},"categories":[50,101,2],"tags":[197,696,33,19],"class_list":["post-122503","post","type-post","status-publish","format-standard","has-post-thumbnail","hentry","category-destacadas","category-interes-general-locales","category-locales","tag-buenos-aires","tag-interes-general","tag-locales","tag-san-pedro"],"aioseo_notices":[],"gutentor_comment":0,"jetpack_featured_media_url":"https:\/\/eldiariodesanpedro.com.ar\/sitio\/wp-content\/uploads\/2023\/09\/0000022204-resized-1920x1080-1.jpg","jetpack_shortlink":"https:\/\/wp.me\/p6RhLt-vRR","jetpack_sharing_enabled":true,"_links":{"self":[{"href":"https:\/\/eldiariodesanpedro.com.ar\/sitio\/wp-json\/wp\/v2\/posts\/122503","targetHints":{"allow":["GET"]}}],"collection":[{"href":"https:\/\/eldiariodesanpedro.com.ar\/sitio\/wp-json\/wp\/v2\/posts"}],"about":[{"href":"https:\/\/eldiariodesanpedro.com.ar\/sitio\/wp-json\/wp\/v2\/types\/post"}],"author":[{"embeddable":true,"href":"https:\/\/eldiariodesanpedro.com.ar\/sitio\/wp-json\/wp\/v2\/users\/4"}],"replies":[{"embeddable":true,"href":"https:\/\/eldiariodesanpedro.com.ar\/sitio\/wp-json\/wp\/v2\/comments?post=122503"}],"version-history":[{"count":1,"href":"https:\/\/eldiariodesanpedro.com.ar\/sitio\/wp-json\/wp\/v2\/posts\/122503\/revisions"}],"predecessor-version":[{"id":122505,"href":"https:\/\/eldiariodesanpedro.com.ar\/sitio\/wp-json\/wp\/v2\/posts\/122503\/revisions\/122505"}],"wp:featuredmedia":[{"embeddable":true,"href":"https:\/\/eldiariodesanpedro.com.ar\/sitio\/wp-json\/wp\/v2\/media\/122504"}],"wp:attachment":[{"href":"https:\/\/eldiariodesanpedro.com.ar\/sitio\/wp-json\/wp\/v2\/media?parent=122503"}],"wp:term":[{"taxonomy":"category","embeddable":true,"href":"https:\/\/eldiariodesanpedro.com.ar\/sitio\/wp-json\/wp\/v2\/categories?post=122503"},{"taxonomy":"post_tag","embeddable":true,"href":"https:\/\/eldiariodesanpedro.com.ar\/sitio\/wp-json\/wp\/v2\/tags?post=122503"}],"curies":[{"name":"wp","href":"https:\/\/api.w.org\/{rel}","templated":true}]}}