{"id":122500,"date":"2023-09-21T19:40:38","date_gmt":"2023-09-21T22:40:38","guid":{"rendered":"https:\/\/eldiariodesanpedro.com.ar\/sitio\/?p=122500"},"modified":"2023-09-21T19:40:39","modified_gmt":"2023-09-21T22:40:39","slug":"violo-un-perimetro-de-acercamiento-para-amenazar-a-su-madre","status":"publish","type":"post","link":"https:\/\/eldiariodesanpedro.com.ar\/sitio\/violo-un-perimetro-de-acercamiento-para-amenazar-a-su-madre\/","title":{"rendered":"Viol\u00f3 un per\u00edmetro de acercamiento para amenazar a su madre"},"content":{"rendered":"<!-- VideographyWP Plugin Message: Automatic video embedding prevented by plugin options. -->\n\n<p>Un conflicto familiar demand\u00f3 la intervenci\u00f3n de la polic\u00eda, que despleg\u00f3 un operativo este mi\u00e9rcoles en Balcarce al 1500.&nbsp;<\/p>\n\n\n\n<p>Un joven de 19 a\u00f1os amenaz\u00f3 con un arma blanca a su madre, una mujer de 48, y fue aprehendido por la polic\u00eda.&nbsp;<\/p>\n\n\n\n<p><ins><\/ins>El agresor, que portaba un arma blanca al momento de ser detenido, estaba quebrantando un per\u00edmetro de acercamiento otorgado por el Juzgado de Garant\u00edas.&nbsp;<\/p>\n\n\n\n<p>La v\u00edctima fue trasladada a la sede de la Comisar\u00eda de la Mujer y la Familia para prestar declaraci\u00f3n.&nbsp;<\/p>\n\n\n\n<p>La UFI 7 lleva adelante actuaciones caratuladas como \u00abAmenazas agravadas y desobediencia\u00bb.&nbsp;<\/p>\n","protected":false},"excerpt":{"rendered":"<p>Un conflicto familiar demand\u00f3 la intervenci\u00f3n de la polic\u00eda, que despleg\u00f3 un operativo este mi\u00e9rcoles en Balcarce al 1500.&nbsp; Un joven de 19 a\u00f1os amenaz\u00f3 con un arma blanca a su madre, una mujer de 48, y fue aprehendido por la polic\u00eda.&nbsp; El agresor, que portaba un arma blanca al momento de ser detenido, estaba [&hellip;]<\/p>\n","protected":false},"author":4,"featured_media":122501,"comment_status":"closed","ping_status":"closed","sticky":false,"template":"","format":"standard","meta":{"om_disable_all_campaigns":false,"_jetpack_memberships_contains_paid_content":false,"footnotes":""},"categories":[2,103],"tags":[197,33,19],"class_list":["post-122500","post","type-post","status-publish","format-standard","has-post-thumbnail","hentry","category-locales","category-policiales-locales","tag-buenos-aires","tag-locales","tag-san-pedro"],"aioseo_notices":[],"gutentor_comment":0,"jetpack_featured_media_url":"https:\/\/eldiariodesanpedro.com.ar\/sitio\/wp-content\/uploads\/2023\/09\/Amenazas-a-la-madre-1.jpg","jetpack_shortlink":"https:\/\/wp.me\/p6RhLt-vRO","jetpack_sharing_enabled":true,"_links":{"self":[{"href":"https:\/\/eldiariodesanpedro.com.ar\/sitio\/wp-json\/wp\/v2\/posts\/122500","targetHints":{"allow":["GET"]}}],"collection":[{"href":"https:\/\/eldiariodesanpedro.com.ar\/sitio\/wp-json\/wp\/v2\/posts"}],"about":[{"href":"https:\/\/eldiariodesanpedro.com.ar\/sitio\/wp-json\/wp\/v2\/types\/post"}],"author":[{"embeddable":true,"href":"https:\/\/eldiariodesanpedro.com.ar\/sitio\/wp-json\/wp\/v2\/users\/4"}],"replies":[{"embeddable":true,"href":"https:\/\/eldiariodesanpedro.com.ar\/sitio\/wp-json\/wp\/v2\/comments?post=122500"}],"version-history":[{"count":1,"href":"https:\/\/eldiariodesanpedro.com.ar\/sitio\/wp-json\/wp\/v2\/posts\/122500\/revisions"}],"predecessor-version":[{"id":122502,"href":"https:\/\/eldiariodesanpedro.com.ar\/sitio\/wp-json\/wp\/v2\/posts\/122500\/revisions\/122502"}],"wp:featuredmedia":[{"embeddable":true,"href":"https:\/\/eldiariodesanpedro.com.ar\/sitio\/wp-json\/wp\/v2\/media\/122501"}],"wp:attachment":[{"href":"https:\/\/eldiariodesanpedro.com.ar\/sitio\/wp-json\/wp\/v2\/media?parent=122500"}],"wp:term":[{"taxonomy":"category","embeddable":true,"href":"https:\/\/eldiariodesanpedro.com.ar\/sitio\/wp-json\/wp\/v2\/categories?post=122500"},{"taxonomy":"post_tag","embeddable":true,"href":"https:\/\/eldiariodesanpedro.com.ar\/sitio\/wp-json\/wp\/v2\/tags?post=122500"}],"curies":[{"name":"wp","href":"https:\/\/api.w.org\/{rel}","templated":true}]}}