{"id":122497,"date":"2023-09-21T19:08:37","date_gmt":"2023-09-21T22:08:37","guid":{"rendered":"https:\/\/eldiariodesanpedro.com.ar\/sitio\/?p=122497"},"modified":"2023-09-21T19:08:38","modified_gmt":"2023-09-21T22:08:38","slug":"un-herido-de-un-cuchillazo-durante-una-pelea-vecinal","status":"publish","type":"post","link":"https:\/\/eldiariodesanpedro.com.ar\/sitio\/un-herido-de-un-cuchillazo-durante-una-pelea-vecinal\/","title":{"rendered":"Un herido de un cuchillazo durante una pelea vecinal"},"content":{"rendered":"<!-- VideographyWP Plugin Message: Automatic video embedding prevented by plugin options. -->\n\n<p>Personal del destacamento policial de Gobernador Castro intervino para controlar un conflicto vecinal en calle Belgrano de esa localidad.&nbsp;<\/p>\n\n\n\n<p>Un hombre de 25 a\u00f1os agredi\u00f3 a otro de la misma edad utilizando un arma blanca. El herido sufri\u00f3 una corte intercostal en el lado izquierdo del t\u00f3rax.&nbsp;<\/p>\n\n\n\n<p><ins><\/ins>Asistido por un equipo de emergencias, fue trasladado al Hospital Subzonal \u00abDr. Emilio Ruffa\u00bb, en donde los m\u00e9dicos constataron lesiones leves.&nbsp;<\/p>\n\n\n\n<p>Tom\u00f3 intervenci\u00f3n la UFI 7, a cargo de la Dra. Mar\u00eda del Valle Viviani.<\/p>\n","protected":false},"excerpt":{"rendered":"<p>Personal del destacamento policial de Gobernador Castro intervino para controlar un conflicto vecinal en calle Belgrano de esa localidad.&nbsp; Un hombre de 25 a\u00f1os agredi\u00f3 a otro de la misma edad utilizando un arma blanca. El herido sufri\u00f3 una corte intercostal en el lado izquierdo del t\u00f3rax.&nbsp; Asistido por un equipo de emergencias, fue trasladado [&hellip;]<\/p>\n","protected":false},"author":4,"featured_media":122498,"comment_status":"closed","ping_status":"closed","sticky":false,"template":"","format":"standard","meta":{"om_disable_all_campaigns":false,"_jetpack_memberships_contains_paid_content":false,"footnotes":""},"categories":[50,101,2],"tags":[197,696,33,19],"class_list":["post-122497","post","type-post","status-publish","format-standard","has-post-thumbnail","hentry","category-destacadas","category-interes-general-locales","category-locales","tag-buenos-aires","tag-interes-general","tag-locales","tag-san-pedro"],"aioseo_notices":[],"gutentor_comment":0,"jetpack_featured_media_url":"https:\/\/eldiariodesanpedro.com.ar\/sitio\/wp-content\/uploads\/2023\/09\/Hombre-con-cuchillo.jpg","jetpack_shortlink":"https:\/\/wp.me\/p6RhLt-vRL","jetpack_sharing_enabled":true,"_links":{"self":[{"href":"https:\/\/eldiariodesanpedro.com.ar\/sitio\/wp-json\/wp\/v2\/posts\/122497","targetHints":{"allow":["GET"]}}],"collection":[{"href":"https:\/\/eldiariodesanpedro.com.ar\/sitio\/wp-json\/wp\/v2\/posts"}],"about":[{"href":"https:\/\/eldiariodesanpedro.com.ar\/sitio\/wp-json\/wp\/v2\/types\/post"}],"author":[{"embeddable":true,"href":"https:\/\/eldiariodesanpedro.com.ar\/sitio\/wp-json\/wp\/v2\/users\/4"}],"replies":[{"embeddable":true,"href":"https:\/\/eldiariodesanpedro.com.ar\/sitio\/wp-json\/wp\/v2\/comments?post=122497"}],"version-history":[{"count":1,"href":"https:\/\/eldiariodesanpedro.com.ar\/sitio\/wp-json\/wp\/v2\/posts\/122497\/revisions"}],"predecessor-version":[{"id":122499,"href":"https:\/\/eldiariodesanpedro.com.ar\/sitio\/wp-json\/wp\/v2\/posts\/122497\/revisions\/122499"}],"wp:featuredmedia":[{"embeddable":true,"href":"https:\/\/eldiariodesanpedro.com.ar\/sitio\/wp-json\/wp\/v2\/media\/122498"}],"wp:attachment":[{"href":"https:\/\/eldiariodesanpedro.com.ar\/sitio\/wp-json\/wp\/v2\/media?parent=122497"}],"wp:term":[{"taxonomy":"category","embeddable":true,"href":"https:\/\/eldiariodesanpedro.com.ar\/sitio\/wp-json\/wp\/v2\/categories?post=122497"},{"taxonomy":"post_tag","embeddable":true,"href":"https:\/\/eldiariodesanpedro.com.ar\/sitio\/wp-json\/wp\/v2\/tags?post=122497"}],"curies":[{"name":"wp","href":"https:\/\/api.w.org\/{rel}","templated":true}]}}