{"id":122489,"date":"2023-09-21T18:50:56","date_gmt":"2023-09-21T21:50:56","guid":{"rendered":"https:\/\/eldiariodesanpedro.com.ar\/sitio\/?p=122489"},"modified":"2023-09-21T18:50:58","modified_gmt":"2023-09-21T21:50:58","slug":"visita-al-equipo-de-brigadistas-que-trabaja-en-el-combate-del-incendio-en-islas","status":"publish","type":"post","link":"https:\/\/eldiariodesanpedro.com.ar\/sitio\/visita-al-equipo-de-brigadistas-que-trabaja-en-el-combate-del-incendio-en-islas\/","title":{"rendered":"Visita al equipo de brigadistas que trabaja en el combate del incendio en islas"},"content":{"rendered":"<!-- VideographyWP Plugin Message: Automatic video embedding prevented by plugin options. -->\n\n<p>El Intendente Cecilio Salazar visit\u00f3 este jueves en el Aeroclub al equipo de brigadistas que se encuentran trabajando una vez m\u00e1s en el combate de incendios en la zona de islas del Delta bajo la jurisdicci\u00f3n de Entre R\u00edos.<\/p>\n\n\n\n<p>San Pedro y el aer\u00f3dromo local se han convertido en una base fundamental para la tarea que se sigue realizando de manera constante, con el apoyo del Ministerio de Ambiente y del Plan del Manejo del Fuego.<\/p>\n\n\n\n<p>El Intendente Cecilio Salazar, junto al Director de Defensa Civil, Fabio Giovanettoni, y acompa\u00f1ado por Abel Anselmo Debock, vicepresidente del Aeroclub; agradeci\u00f3 a los brigadistas presentes por la tarea que est\u00e1n llevando a cabo.<\/p>\n\n\n\n<p>Pablo Schwindt, el coordinador general de la Direcci\u00f3n Provincial de Defensa Civil de Entre R\u00edos, brind\u00f3 al intendente Cecilio Salazar informaci\u00f3n detallada sobre el progreso de las labores destinadas a extinguir los focos que se han propagado en los \u00faltimos d\u00edas. Estas acciones se est\u00e1n realizando por parte de los bomberos forestales de la polic\u00eda de Entre R\u00edos y un equipo de bomberos de la brigada medioambiental de la misma provincia. Adem\u00e1s, desde el Plan Nacional de Manejo del Fuego, se ha proporcionado un avi\u00f3n vig\u00eda y un helic\u00f3ptero, cuya tripulaci\u00f3n proviene de la base localizada en la Patagonia, as\u00ed como el respaldo de un avi\u00f3n hidrante.<br>La coordinaci\u00f3n de estos medios a\u00e9reos en la regi\u00f3n del NEA est\u00e1 a cargo de Daniel Blanco.<\/p>\n\n\n\n<p>En total, un equipo comprometido de cerca de veinte personas est\u00e1 trabajando en la zona.<br>Adem\u00e1s, desde la Municipalidad de San Pedro, a trav\u00e9s de diferentes \u00e1reas municipales se ha dispuesto la presencia de una ambulancia y el alojamiento a los integrantes del operativo, con el acompa\u00f1amiento del personal de la Direcci\u00f3n de Defensa Civil.<\/p>\n\n\n\n<p>Es importante destacar que, a diferencia del a\u00f1o pasado, cuando se depend\u00eda de camiones regadores o unidades de bomberos para el suministro de agua, en esta ocasi\u00f3n se cuenta con una bomba que fue gestionada por el municipio, la que abastece directamente de agua a las aeronaves realiz\u00e1ndose con mayor celeridad&nbsp;esta&nbsp;tarea.<\/p>\n\n\n\n<figure class=\"wp-block-image size-full\"><img decoding=\"async\" width=\"956\" height=\"630\" data-attachment-id=\"122491\" data-permalink=\"https:\/\/eldiariodesanpedro.com.ar\/sitio\/visita-al-equipo-de-brigadistas-que-trabaja-en-el-combate-del-incendio-en-islas\/imagen-de-whatsapp-2023-09-21-a-las-13-01-29\/\" data-orig-file=\"https:\/\/eldiariodesanpedro.com.ar\/sitio\/wp-content\/uploads\/2023\/09\/Imagen-de-WhatsApp-2023-09-21-a-las-13.01.29.jpg\" data-orig-size=\"956,630\" data-comments-opened=\"0\" data-image-meta=\"{&quot;aperture&quot;:&quot;0&quot;,&quot;credit&quot;:&quot;&quot;,&quot;camera&quot;:&quot;&quot;,&quot;caption&quot;:&quot;&quot;,&quot;created_timestamp&quot;:&quot;0&quot;,&quot;copyright&quot;:&quot;&quot;,&quot;focal_length&quot;:&quot;0&quot;,&quot;iso&quot;:&quot;0&quot;,&quot;shutter_speed&quot;:&quot;0&quot;,&quot;title&quot;:&quot;&quot;,&quot;orientation&quot;:&quot;0&quot;}\" data-image-title=\"Imagen de WhatsApp 2023-09-21 a las 13.01.29\" data-image-description=\"\" data-image-caption=\"\" data-large-file=\"https:\/\/eldiariodesanpedro.com.ar\/sitio\/wp-content\/uploads\/2023\/09\/Imagen-de-WhatsApp-2023-09-21-a-las-13.01.29.jpg\" data-src=\"https:\/\/eldiariodesanpedro.com.ar\/sitio\/wp-content\/uploads\/2023\/09\/Imagen-de-WhatsApp-2023-09-21-a-las-13.01.29.jpg\" alt=\"\" class=\"wp-image-122491 lazyload\" data-srcset=\"https:\/\/eldiariodesanpedro.com.ar\/sitio\/wp-content\/uploads\/2023\/09\/Imagen-de-WhatsApp-2023-09-21-a-las-13.01.29.jpg 956w, https:\/\/eldiariodesanpedro.com.ar\/sitio\/wp-content\/uploads\/2023\/09\/Imagen-de-WhatsApp-2023-09-21-a-las-13.01.29-300x198.jpg 300w, https:\/\/eldiariodesanpedro.com.ar\/sitio\/wp-content\/uploads\/2023\/09\/Imagen-de-WhatsApp-2023-09-21-a-las-13.01.29-768x506.jpg 768w\" data-sizes=\"(max-width: 956px) 100vw, 956px\" src=\"data:image\/svg+xml;base64,PHN2ZyB3aWR0aD0iMSIgaGVpZ2h0PSIxIiB4bWxucz0iaHR0cDovL3d3dy53My5vcmcvMjAwMC9zdmciPjwvc3ZnPg==\" style=\"--smush-placeholder-width: 956px; --smush-placeholder-aspect-ratio: 956\/630;\" \/><\/figure>\n\n\n\n<figure class=\"wp-block-image size-full\"><img decoding=\"async\" width=\"838\" height=\"630\" data-attachment-id=\"122492\" data-permalink=\"https:\/\/eldiariodesanpedro.com.ar\/sitio\/visita-al-equipo-de-brigadistas-que-trabaja-en-el-combate-del-incendio-en-islas\/imagen-de-whatsapp-2023-09-21-a-las-13-01-291\/\" data-orig-file=\"https:\/\/eldiariodesanpedro.com.ar\/sitio\/wp-content\/uploads\/2023\/09\/Imagen-de-WhatsApp-2023-09-21-a-las-13.01.291.jpg\" data-orig-size=\"838,630\" data-comments-opened=\"0\" data-image-meta=\"{&quot;aperture&quot;:&quot;0&quot;,&quot;credit&quot;:&quot;&quot;,&quot;camera&quot;:&quot;&quot;,&quot;caption&quot;:&quot;&quot;,&quot;created_timestamp&quot;:&quot;0&quot;,&quot;copyright&quot;:&quot;&quot;,&quot;focal_length&quot;:&quot;0&quot;,&quot;iso&quot;:&quot;0&quot;,&quot;shutter_speed&quot;:&quot;0&quot;,&quot;title&quot;:&quot;&quot;,&quot;orientation&quot;:&quot;0&quot;}\" data-image-title=\"Imagen de WhatsApp 2023-09-21 a las 13.01.291\" data-image-description=\"\" data-image-caption=\"\" data-large-file=\"https:\/\/eldiariodesanpedro.com.ar\/sitio\/wp-content\/uploads\/2023\/09\/Imagen-de-WhatsApp-2023-09-21-a-las-13.01.291.jpg\" data-src=\"https:\/\/eldiariodesanpedro.com.ar\/sitio\/wp-content\/uploads\/2023\/09\/Imagen-de-WhatsApp-2023-09-21-a-las-13.01.291.jpg\" alt=\"\" class=\"wp-image-122492 lazyload\" data-srcset=\"https:\/\/eldiariodesanpedro.com.ar\/sitio\/wp-content\/uploads\/2023\/09\/Imagen-de-WhatsApp-2023-09-21-a-las-13.01.291.jpg 838w, https:\/\/eldiariodesanpedro.com.ar\/sitio\/wp-content\/uploads\/2023\/09\/Imagen-de-WhatsApp-2023-09-21-a-las-13.01.291-300x226.jpg 300w, https:\/\/eldiariodesanpedro.com.ar\/sitio\/wp-content\/uploads\/2023\/09\/Imagen-de-WhatsApp-2023-09-21-a-las-13.01.291-768x577.jpg 768w, https:\/\/eldiariodesanpedro.com.ar\/sitio\/wp-content\/uploads\/2023\/09\/Imagen-de-WhatsApp-2023-09-21-a-las-13.01.291-272x204.jpg 272w\" data-sizes=\"(max-width: 838px) 100vw, 838px\" src=\"data:image\/svg+xml;base64,PHN2ZyB3aWR0aD0iMSIgaGVpZ2h0PSIxIiB4bWxucz0iaHR0cDovL3d3dy53My5vcmcvMjAwMC9zdmciPjwvc3ZnPg==\" style=\"--smush-placeholder-width: 838px; --smush-placeholder-aspect-ratio: 838\/630;\" \/><\/figure>\n","protected":false},"excerpt":{"rendered":"<p>El Intendente Cecilio Salazar visit\u00f3 este jueves en el Aeroclub al equipo de brigadistas que se encuentran trabajando una vez m\u00e1s en el combate de incendios en la zona de islas del Delta bajo la jurisdicci\u00f3n de Entre R\u00edos. San Pedro y el aer\u00f3dromo local se han convertido en una base fundamental para la tarea [&hellip;]<\/p>\n","protected":false},"author":4,"featured_media":122490,"comment_status":"closed","ping_status":"closed","sticky":false,"template":"","format":"standard","meta":{"om_disable_all_campaigns":false,"_jetpack_memberships_contains_paid_content":false,"footnotes":""},"categories":[50,101,2],"tags":[4502],"class_list":["post-122489","post","type-post","status-publish","format-standard","has-post-thumbnail","hentry","category-destacadas","category-interes-general-locales","category-locales","tag-visita-al-equipo-de-brigadistas-que-trabaja-en-el-combate-del-incendio-en-islas"],"aioseo_notices":[],"gutentor_comment":0,"jetpack_featured_media_url":"https:\/\/eldiariodesanpedro.com.ar\/sitio\/wp-content\/uploads\/2023\/09\/Imagen-de-WhatsApp-2023-09-21-a-las-13.01.26.jpg","jetpack_shortlink":"https:\/\/wp.me\/p6RhLt-vRD","jetpack_sharing_enabled":true,"_links":{"self":[{"href":"https:\/\/eldiariodesanpedro.com.ar\/sitio\/wp-json\/wp\/v2\/posts\/122489","targetHints":{"allow":["GET"]}}],"collection":[{"href":"https:\/\/eldiariodesanpedro.com.ar\/sitio\/wp-json\/wp\/v2\/posts"}],"about":[{"href":"https:\/\/eldiariodesanpedro.com.ar\/sitio\/wp-json\/wp\/v2\/types\/post"}],"author":[{"embeddable":true,"href":"https:\/\/eldiariodesanpedro.com.ar\/sitio\/wp-json\/wp\/v2\/users\/4"}],"replies":[{"embeddable":true,"href":"https:\/\/eldiariodesanpedro.com.ar\/sitio\/wp-json\/wp\/v2\/comments?post=122489"}],"version-history":[{"count":1,"href":"https:\/\/eldiariodesanpedro.com.ar\/sitio\/wp-json\/wp\/v2\/posts\/122489\/revisions"}],"predecessor-version":[{"id":122493,"href":"https:\/\/eldiariodesanpedro.com.ar\/sitio\/wp-json\/wp\/v2\/posts\/122489\/revisions\/122493"}],"wp:featuredmedia":[{"embeddable":true,"href":"https:\/\/eldiariodesanpedro.com.ar\/sitio\/wp-json\/wp\/v2\/media\/122490"}],"wp:attachment":[{"href":"https:\/\/eldiariodesanpedro.com.ar\/sitio\/wp-json\/wp\/v2\/media?parent=122489"}],"wp:term":[{"taxonomy":"category","embeddable":true,"href":"https:\/\/eldiariodesanpedro.com.ar\/sitio\/wp-json\/wp\/v2\/categories?post=122489"},{"taxonomy":"post_tag","embeddable":true,"href":"https:\/\/eldiariodesanpedro.com.ar\/sitio\/wp-json\/wp\/v2\/tags?post=122489"}],"curies":[{"name":"wp","href":"https:\/\/api.w.org\/{rel}","templated":true}]}}