{"id":122481,"date":"2023-09-21T18:35:30","date_gmt":"2023-09-21T21:35:30","guid":{"rendered":"https:\/\/eldiariodesanpedro.com.ar\/sitio\/?p=122481"},"modified":"2023-09-21T18:36:37","modified_gmt":"2023-09-21T21:36:37","slug":"la-agencia-movil-del-ministerio-de-trabajo-realizara-un-operativo-en-el-cic","status":"publish","type":"post","link":"https:\/\/eldiariodesanpedro.com.ar\/sitio\/la-agencia-movil-del-ministerio-de-trabajo-realizara-un-operativo-en-el-cic\/","title":{"rendered":"La Agencia M\u00f3vil del Ministerio de Trabajo realizar\u00e1 un operativo en el CIC"},"content":{"rendered":"<!-- VideographyWP Plugin Message: Automatic video embedding prevented by plugin options. -->\n\n<p>Personal de la Secretar\u00eda de Pol\u00edticas de G\u00e9nero, Mujeres y Diversidad de la Municipalidad de San Pedro, encabezado por la secretaria Laura Monfasani, brindaron este martes una charla para estudiantes y docentes de la Escuela Secundaria 15, con la convocatoria de la directora del establecimiento, Soledad Llorens.<\/p>\n\n\n\n<p>Articulada con Jefatura Distrital de Educaci\u00f3n, la jornada cont\u00f3 adem\u00e1s con la participaci\u00f3n de la Oficial Principal Mariana Aguila, Jefa de la Comisar\u00eda de la Mujer y la Familia de San Pedro, y la subjefa de la instituci\u00f3n, Patricia Melgar.<\/p>\n\n\n\n<p>Durante el encuentro, Monfasani explic\u00f3 las \u00e1reas que funcionan en la Secretar\u00eda y la importancia de hablar sobre violencia de g\u00e9nero y familiar dentro de las instituciones y con las y los adolescentes, a fin de trabajar en la prevenci\u00f3n y concientizaci\u00f3n en estas tem\u00e1ticas.<\/p>\n\n\n\n<p>Profesionales del Grupo de Ayuda Mutua de Mujeres (G.A.M.), uno de los dispositivos que funcionan en el \u00e1rea, realizaron una din\u00e1mica para hablar sobre violencias por razones de g\u00e9nero en el noviazgo, mientras que la Comisar\u00eda de la Mujer y la Familia abord\u00f3 la tem\u00e1tica Grooming.<\/p>\n\n\n\n<p>Adem\u00e1s durante la jornada se remarc\u00f3 la importancia de contar con la aplicaci\u00f3n Basapp, disponible en todo el partido de San Pedro, que permite recibir asistencia inmediata de un patrullero en caso de violencia por razones de g\u00e9nero, entre otros usos. La app puede descargarse de manera gratuita de Play Store&nbsp;o&nbsp;App&nbsp;Store.<\/p>\n","protected":false},"excerpt":{"rendered":"<p>Personal de la Secretar\u00eda de Pol\u00edticas de G\u00e9nero, Mujeres y Diversidad de la Municipalidad de San Pedro, encabezado por la secretaria Laura Monfasani, brindaron este martes una charla para estudiantes y docentes de la Escuela Secundaria 15, con la convocatoria de la directora del establecimiento, Soledad Llorens. Articulada con Jefatura Distrital de Educaci\u00f3n, la jornada [&hellip;]<\/p>\n","protected":false},"author":4,"featured_media":104093,"comment_status":"closed","ping_status":"closed","sticky":false,"template":"","format":"standard","meta":{"om_disable_all_campaigns":false,"_jetpack_memberships_contains_paid_content":false,"footnotes":""},"categories":[50,101,2],"tags":[],"class_list":["post-122481","post","type-post","status-publish","format-standard","has-post-thumbnail","hentry","category-destacadas","category-interes-general-locales","category-locales"],"aioseo_notices":[],"gutentor_comment":0,"jetpack_featured_media_url":"https:\/\/eldiariodesanpedro.com.ar\/sitio\/wp-content\/uploads\/2022\/02\/CIC.jpg","jetpack_shortlink":"https:\/\/wp.me\/p6RhLt-vRv","jetpack_sharing_enabled":true,"_links":{"self":[{"href":"https:\/\/eldiariodesanpedro.com.ar\/sitio\/wp-json\/wp\/v2\/posts\/122481","targetHints":{"allow":["GET"]}}],"collection":[{"href":"https:\/\/eldiariodesanpedro.com.ar\/sitio\/wp-json\/wp\/v2\/posts"}],"about":[{"href":"https:\/\/eldiariodesanpedro.com.ar\/sitio\/wp-json\/wp\/v2\/types\/post"}],"author":[{"embeddable":true,"href":"https:\/\/eldiariodesanpedro.com.ar\/sitio\/wp-json\/wp\/v2\/users\/4"}],"replies":[{"embeddable":true,"href":"https:\/\/eldiariodesanpedro.com.ar\/sitio\/wp-json\/wp\/v2\/comments?post=122481"}],"version-history":[{"count":1,"href":"https:\/\/eldiariodesanpedro.com.ar\/sitio\/wp-json\/wp\/v2\/posts\/122481\/revisions"}],"predecessor-version":[{"id":122482,"href":"https:\/\/eldiariodesanpedro.com.ar\/sitio\/wp-json\/wp\/v2\/posts\/122481\/revisions\/122482"}],"wp:featuredmedia":[{"embeddable":true,"href":"https:\/\/eldiariodesanpedro.com.ar\/sitio\/wp-json\/wp\/v2\/media\/104093"}],"wp:attachment":[{"href":"https:\/\/eldiariodesanpedro.com.ar\/sitio\/wp-json\/wp\/v2\/media?parent=122481"}],"wp:term":[{"taxonomy":"category","embeddable":true,"href":"https:\/\/eldiariodesanpedro.com.ar\/sitio\/wp-json\/wp\/v2\/categories?post=122481"},{"taxonomy":"post_tag","embeddable":true,"href":"https:\/\/eldiariodesanpedro.com.ar\/sitio\/wp-json\/wp\/v2\/tags?post=122481"}],"curies":[{"name":"wp","href":"https:\/\/api.w.org\/{rel}","templated":true}]}}