{"id":12248,"date":"2017-01-04T19:49:17","date_gmt":"2017-01-04T22:49:17","guid":{"rendered":"https:\/\/eldiariodesanpedro.com.ar\/sitio\/?p=12248"},"modified":"2017-01-04T19:49:17","modified_gmt":"2017-01-04T22:49:17","slug":"noseda-asumio-formalmente-como-director-de-servicios-sanitarios-y-juan-bonce-en-obras-publicas","status":"publish","type":"post","link":"https:\/\/eldiariodesanpedro.com.ar\/sitio\/noseda-asumio-formalmente-como-director-de-servicios-sanitarios-y-juan-bonce-en-obras-publicas\/","title":{"rendered":"Noseda asumi\u00f3 formalmente como director de Servicios Sanitarios y Juan Bonce en Obras P\u00fablicas"},"content":{"rendered":"<p><!-- VideographyWP Plugin Message: Automatic video embedding prevented by plugin options. --><br \/>\nMart\u00edn Noseda asumi\u00f3 la Direcci\u00f3n de Servicios Sanitarios, tras la jubilaci\u00f3n de quien estaba a cargo del \u00e1rea durante a\u00f1os, Horacio R\u00edos. En tanto, Juan Bronce lo hizo como director de Obras P\u00fablicas en reemplazo de Ariel \u00c1lvarez, designado en diciembre pasado como secretario de Servicios P\u00fablicos.<\/p>\n<p>Participaron de una reuni\u00f3n con el intendente en la tarde del martes y all\u00ed se les entreg\u00f3 los decretos. El mandatario los inst\u00f3 a redoblar esfuerzos para este a\u00f1o a ambos funcionarios.<\/p>\n<p>Se tratan dos \u00e1reas complejas por lo demandante de las tareas; sin embargo, las personas elegidas por el mandatario comunal cuenta con una basta experiencia y en la funci\u00f3n p\u00fablica.<\/p>\n<p>En tanto que Noseda se refiri\u00f3 a su reciente designaci\u00f3n al frente del \u00e1rea. \u201cMe llam\u00f3 el intendente, no le pod\u00eda decir que no. Es decir porque yo me siento bien, con muchas ganas de trabajar\u201d.<\/p>\n<p>Y aclar\u00f3: \u201cEs un trabajo distinto a lo que yo hac\u00eda, durante 18 a\u00f1os estuve en el corral\u00f3n municipal\u201d y \u201cen el momento que entr\u00e9 se trabajaba con 130 personas\u201d. \u201cHoy fue mi primer d\u00eda, d\u00eda de mucha lluvia y aprovech\u00e9 un poco para hablar con la gente, la mayor\u00eda yo la conozco, hay algunos nuevos que todav\u00eda tengo que hacerlo a\u00fan\u201d, sostuvo.<\/p>\n<p>Al tiempo que agreg\u00f3: \u201cYo reconozco que hablo muy fuerte y un genio alto, pero yo al trabajador lo defiendo much\u00edsimo\u201d, dijo y destac\u00f3: \u201cYo soy un tipo enfermo con las entradas y salidas. El reloj se va a poner en estos d\u00edas\u201d.<\/p>\n<p>En tanto, el flamante funcionario sostuvo: \u201cLa decisi\u00f3n m\u00eda que yo se la coment\u00e9 a Ariel \u00c1lvarez, el secretario de Obras P\u00fablicas y al intendente, que yo por el momento no iba a producir ning\u00fan cambio\u201d.<\/p>\n<p>Se refiri\u00f3 a la designaci\u00f3n de Juan Bronce como director de Obras P\u00fablicas. \u201cSon dos \u00e1reas que se necesitan\u201d, dijo.<\/p>\n<p>Tambi\u00e9n indic\u00f3 que ser\u00e1 acompa\u00f1ado por Horacio R\u00edos para realizar un transici\u00f3n ordenada. \u201cYo lo que le he pedido a R\u00edos es que me siga acompa\u00f1ando mientras \u00e9l pueda, si fuese un a\u00f1o, mucho mejor y me ha dicho que no tiene problemas\u201d.<\/p>\n","protected":false},"excerpt":{"rendered":"<p>Mart\u00edn Noseda asumi\u00f3 la Direcci\u00f3n de Servicios Sanitarios, tras la jubilaci\u00f3n de quien estaba a cargo del \u00e1rea durante a\u00f1os, Horacio R\u00edos. En tanto, Juan Bronce lo hizo como director de Obras P\u00fablicas en reemplazo de Ariel \u00c1lvarez, designado en diciembre pasado como secretario de Servicios P\u00fablicos. Participaron de una reuni\u00f3n con el intendente en [&hellip;]<\/p>\n","protected":false},"author":4,"featured_media":12249,"comment_status":"open","ping_status":"closed","sticky":false,"template":"","format":"standard","meta":{"om_disable_all_campaigns":false,"_jetpack_memberships_contains_paid_content":false,"footnotes":""},"categories":[2,102],"tags":[],"class_list":["post-12248","post","type-post","status-publish","format-standard","has-post-thumbnail","hentry","category-locales","category-politica-locales"],"aioseo_notices":[],"gutentor_comment":0,"jetpack_featured_media_url":"https:\/\/eldiariodesanpedro.com.ar\/sitio\/wp-content\/uploads\/2017\/01\/Los-nuevos-funcionarios-comenzaron-a-trabajar-en-sus-puestos-tras-la-reuni\u00f3n-con-el-intendente.jpeg","jetpack_shortlink":"https:\/\/wp.me\/p6RhLt-3by","jetpack_sharing_enabled":true,"_links":{"self":[{"href":"https:\/\/eldiariodesanpedro.com.ar\/sitio\/wp-json\/wp\/v2\/posts\/12248","targetHints":{"allow":["GET"]}}],"collection":[{"href":"https:\/\/eldiariodesanpedro.com.ar\/sitio\/wp-json\/wp\/v2\/posts"}],"about":[{"href":"https:\/\/eldiariodesanpedro.com.ar\/sitio\/wp-json\/wp\/v2\/types\/post"}],"author":[{"embeddable":true,"href":"https:\/\/eldiariodesanpedro.com.ar\/sitio\/wp-json\/wp\/v2\/users\/4"}],"replies":[{"embeddable":true,"href":"https:\/\/eldiariodesanpedro.com.ar\/sitio\/wp-json\/wp\/v2\/comments?post=12248"}],"version-history":[{"count":1,"href":"https:\/\/eldiariodesanpedro.com.ar\/sitio\/wp-json\/wp\/v2\/posts\/12248\/revisions"}],"predecessor-version":[{"id":12250,"href":"https:\/\/eldiariodesanpedro.com.ar\/sitio\/wp-json\/wp\/v2\/posts\/12248\/revisions\/12250"}],"wp:featuredmedia":[{"embeddable":true,"href":"https:\/\/eldiariodesanpedro.com.ar\/sitio\/wp-json\/wp\/v2\/media\/12249"}],"wp:attachment":[{"href":"https:\/\/eldiariodesanpedro.com.ar\/sitio\/wp-json\/wp\/v2\/media?parent=12248"}],"wp:term":[{"taxonomy":"category","embeddable":true,"href":"https:\/\/eldiariodesanpedro.com.ar\/sitio\/wp-json\/wp\/v2\/categories?post=12248"},{"taxonomy":"post_tag","embeddable":true,"href":"https:\/\/eldiariodesanpedro.com.ar\/sitio\/wp-json\/wp\/v2\/tags?post=12248"}],"curies":[{"name":"wp","href":"https:\/\/api.w.org\/{rel}","templated":true}]}}