{"id":122472,"date":"2023-09-21T18:22:22","date_gmt":"2023-09-21T21:22:22","guid":{"rendered":"https:\/\/eldiariodesanpedro.com.ar\/sitio\/?p=122472"},"modified":"2023-09-21T18:22:23","modified_gmt":"2023-09-21T21:22:23","slug":"este-sabado-colecta-de-sangre-y-firma-de-convenio-interinstitucional-para-promover-la-donacion-en-san-pedro","status":"publish","type":"post","link":"https:\/\/eldiariodesanpedro.com.ar\/sitio\/este-sabado-colecta-de-sangre-y-firma-de-convenio-interinstitucional-para-promover-la-donacion-en-san-pedro\/","title":{"rendered":"Este sabado colecta de sangre y firma de convenio interinstitucional para promover la donaci\u00f3n en San Pedro"},"content":{"rendered":"<!-- VideographyWP Plugin Message: Automatic video embedding prevented by plugin options. -->\n\n<p>El pr\u00f3ximo 22 de septiembre, el Polo de Salud (MITRE 375) se convertir\u00e1 en el epicentro de una importante jornada solidaria y de colaboraci\u00f3n entre diversas instituciones de salud.<\/p>\n\n\n\n<p>El Servicio de Hemoterapia del Hospital Emilio Ruffa, en colaboraci\u00f3n con el Instituto de Hemoterapia de La Plata, el Centro Regional de 3 de Febrero y el Instituto Maiztegui, llevar\u00e1 a cabo una colecta de sangre y plasma de convaleciente de Fiebre Hemorr\u00e1gica Argentina.<\/p>\n\n\n\n<p>El evento se desarrollar\u00e1 entre las 9:00 a.m. y las 13:00 p.m. y ha han comprometido su participaci\u00f3n m\u00e1s de 50 donantes que har\u00e1n su aporte para tanto al Banco de Sangre de nuestro Hospital como a otros de la regi\u00f3n, garantizando as\u00ed la disponibilidad de recursos esenciales para la atenci\u00f3n m\u00e9dica de nuestra comunidad.<\/p>\n\n\n\n<p>Adem\u00e1s, en el mismo marco se firmar\u00e1 un convenio de colaboraci\u00f3n interinstitucional entre la Municipalidad de San Pedro y el Ministerio de Salud de la Provincia de Buenos Aires, a trav\u00e9s del Centro \u00danico Coordinador de Ablaci\u00f3n e Implante de la Provincia de Buenos Aires (CUCAIBA) y el Instituto de Hemoterapia de la Provincia de Buenos Aires.<\/p>\n\n\n\n<p>El objetivo principal de este convenio es promover la donaci\u00f3n de \u00f3rganos, tejidos, c\u00e9lulas, sangre, plasma y plaquetas en el \u00e1mbito local, as\u00ed como implementar acciones concretas de educaci\u00f3n para promotores de donaci\u00f3n y apoyar la formaci\u00f3n de t\u00e9cnicos y profesionales de los Servicios de Salud.<\/p>\n\n\n\n<p>Estas actividades son el resultado de un trabajo continuo que el Servicio de Hemoterapia de nuestro Hospital ha venido realizando durante a\u00f1os, tanto a nivel local como en la creaci\u00f3n de lazos de trabajo interinstitucional e interdisciplinario a nivel regional. Esta colaboraci\u00f3n tiene como objetivo mejorar la calidad de atenci\u00f3n m\u00e9dica en beneficio de nuestra comunidad.<\/p>\n\n\n\n<p>El llamado est\u00e1 abierto para todos aquellos que deseen unirse, acerc\u00e1ndose al Polo de Salud (MITRE 375) entre las 9:00 a.m. y&nbsp;las&nbsp;13:00&nbsp;p.m.<\/p>\n","protected":false},"excerpt":{"rendered":"<p>El pr\u00f3ximo 22 de septiembre, el Polo de Salud (MITRE 375) se convertir\u00e1 en el epicentro de una importante jornada solidaria y de colaboraci\u00f3n entre diversas instituciones de salud. El Servicio de Hemoterapia del Hospital Emilio Ruffa, en colaboraci\u00f3n con el Instituto de Hemoterapia de La Plata, el Centro Regional de 3 de Febrero y [&hellip;]<\/p>\n","protected":false},"author":4,"featured_media":122473,"comment_status":"closed","ping_status":"closed","sticky":false,"template":"","format":"standard","meta":{"om_disable_all_campaigns":false,"_jetpack_memberships_contains_paid_content":false,"footnotes":""},"categories":[50,101,2],"tags":[197,696,33,19],"class_list":["post-122472","post","type-post","status-publish","format-standard","has-post-thumbnail","hentry","category-destacadas","category-interes-general-locales","category-locales","tag-buenos-aires","tag-interes-general","tag-locales","tag-san-pedro"],"aioseo_notices":[],"gutentor_comment":0,"jetpack_featured_media_url":"https:\/\/eldiariodesanpedro.com.ar\/sitio\/wp-content\/uploads\/2023\/09\/Sangre-Donacion.jpg","jetpack_shortlink":"https:\/\/wp.me\/p6RhLt-vRm","jetpack_sharing_enabled":true,"_links":{"self":[{"href":"https:\/\/eldiariodesanpedro.com.ar\/sitio\/wp-json\/wp\/v2\/posts\/122472","targetHints":{"allow":["GET"]}}],"collection":[{"href":"https:\/\/eldiariodesanpedro.com.ar\/sitio\/wp-json\/wp\/v2\/posts"}],"about":[{"href":"https:\/\/eldiariodesanpedro.com.ar\/sitio\/wp-json\/wp\/v2\/types\/post"}],"author":[{"embeddable":true,"href":"https:\/\/eldiariodesanpedro.com.ar\/sitio\/wp-json\/wp\/v2\/users\/4"}],"replies":[{"embeddable":true,"href":"https:\/\/eldiariodesanpedro.com.ar\/sitio\/wp-json\/wp\/v2\/comments?post=122472"}],"version-history":[{"count":1,"href":"https:\/\/eldiariodesanpedro.com.ar\/sitio\/wp-json\/wp\/v2\/posts\/122472\/revisions"}],"predecessor-version":[{"id":122474,"href":"https:\/\/eldiariodesanpedro.com.ar\/sitio\/wp-json\/wp\/v2\/posts\/122472\/revisions\/122474"}],"wp:featuredmedia":[{"embeddable":true,"href":"https:\/\/eldiariodesanpedro.com.ar\/sitio\/wp-json\/wp\/v2\/media\/122473"}],"wp:attachment":[{"href":"https:\/\/eldiariodesanpedro.com.ar\/sitio\/wp-json\/wp\/v2\/media?parent=122472"}],"wp:term":[{"taxonomy":"category","embeddable":true,"href":"https:\/\/eldiariodesanpedro.com.ar\/sitio\/wp-json\/wp\/v2\/categories?post=122472"},{"taxonomy":"post_tag","embeddable":true,"href":"https:\/\/eldiariodesanpedro.com.ar\/sitio\/wp-json\/wp\/v2\/tags?post=122472"}],"curies":[{"name":"wp","href":"https:\/\/api.w.org\/{rel}","templated":true}]}}