{"id":122458,"date":"2023-09-20T20:02:45","date_gmt":"2023-09-20T23:02:45","guid":{"rendered":"https:\/\/eldiariodesanpedro.com.ar\/sitio\/?p=122458"},"modified":"2023-09-20T20:02:47","modified_gmt":"2023-09-20T23:02:47","slug":"el-intendente-solicito-mejoras-en-el-funcionamiento-de-la-nueva-terminal","status":"publish","type":"post","link":"https:\/\/eldiariodesanpedro.com.ar\/sitio\/el-intendente-solicito-mejoras-en-el-funcionamiento-de-la-nueva-terminal\/","title":{"rendered":"El Intendente solicit\u00f3 mejoras en el funcionamiento de la Nueva Terminal"},"content":{"rendered":"<!-- VideographyWP Plugin Message: Automatic video embedding prevented by plugin options. -->\n\n<p>El Intendente Cecilio Salazar recibi\u00f3 este lunes en su despacho a Ronghua CHEN y Mario LIN, administradores del edificio en el que comenz\u00f3 a funcionar este a\u00f1o la Nueva Terminal de \u00d3mnibus de San Pedro.<\/p>\n\n\n\n<p>Junto a la Secretaria de Turismo y Cultura Mariela L\u00f3pez, plantearon a los empresarios la necesidad de avanzar r\u00e1pidamente con algunas mejoras en la din\u00e1mica del lugar, teniendo en cuenta la proximidad de una nueva temporada tur\u00edstica y la continua afluencia de pasajeros.<\/p>\n\n\n\n<p>Los empresarios transmitieron al Intendente su compromiso para revisar las observaciones realizadas e ir progresivamente resolviendo las cuestiones m\u00e1s urgentes al tiempo que avanza adem\u00e1s un plan de desarrollo integral para el predio ubicado en Lucio Mansilla y 11 de Septiembre.<\/p>\n\n\n\n<p>Es importante destacar que desde la Municipalidad se est\u00e1 acompa\u00f1ando adem\u00e1s la mejora de todo ese sector con la obra que se lleva adelante a trav\u00e9s del gobierno de la Provincia de Buenos Aires, con la repavimentaci\u00f3n de la<br>Lucio Mansilla que viene avanzando desde la zona del Corral\u00f3n.<\/p>\n\n\n\n<p>Adem\u00e1s de la ampliaci\u00f3n de horarios de atenci\u00f3n y de la revisi\u00f3n de las inquietudes que transmiti\u00f3 el Intendente, se acord\u00f3 que pr\u00f3ximamente funcionar\u00e1 en uno de los locales una oficina de informaci\u00f3n tur\u00edstica que se activar\u00e1 para los fines de semana y fechas&nbsp;especiales.<\/p>\n","protected":false},"excerpt":{"rendered":"<p>El Intendente Cecilio Salazar recibi\u00f3 este lunes en su despacho a Ronghua CHEN y Mario LIN, administradores del edificio en el que comenz\u00f3 a funcionar este a\u00f1o la Nueva Terminal de \u00d3mnibus de San Pedro. Junto a la Secretaria de Turismo y Cultura Mariela L\u00f3pez, plantearon a los empresarios la necesidad de avanzar r\u00e1pidamente con [&hellip;]<\/p>\n","protected":false},"author":4,"featured_media":122460,"comment_status":"closed","ping_status":"closed","sticky":false,"template":"","format":"standard","meta":{"om_disable_all_campaigns":false,"_jetpack_memberships_contains_paid_content":false,"footnotes":""},"categories":[50,101,2],"tags":[197,696,33,19],"class_list":["post-122458","post","type-post","status-publish","format-standard","has-post-thumbnail","hentry","category-destacadas","category-interes-general-locales","category-locales","tag-buenos-aires","tag-interes-general","tag-locales","tag-san-pedro"],"aioseo_notices":[],"gutentor_comment":0,"jetpack_featured_media_url":"https:\/\/eldiariodesanpedro.com.ar\/sitio\/wp-content\/uploads\/2023\/09\/Imagen-de-WhatsApp-2023-09-18-a-las-18.20.05.jpg","jetpack_shortlink":"https:\/\/wp.me\/p6RhLt-vR8","jetpack_sharing_enabled":true,"_links":{"self":[{"href":"https:\/\/eldiariodesanpedro.com.ar\/sitio\/wp-json\/wp\/v2\/posts\/122458","targetHints":{"allow":["GET"]}}],"collection":[{"href":"https:\/\/eldiariodesanpedro.com.ar\/sitio\/wp-json\/wp\/v2\/posts"}],"about":[{"href":"https:\/\/eldiariodesanpedro.com.ar\/sitio\/wp-json\/wp\/v2\/types\/post"}],"author":[{"embeddable":true,"href":"https:\/\/eldiariodesanpedro.com.ar\/sitio\/wp-json\/wp\/v2\/users\/4"}],"replies":[{"embeddable":true,"href":"https:\/\/eldiariodesanpedro.com.ar\/sitio\/wp-json\/wp\/v2\/comments?post=122458"}],"version-history":[{"count":1,"href":"https:\/\/eldiariodesanpedro.com.ar\/sitio\/wp-json\/wp\/v2\/posts\/122458\/revisions"}],"predecessor-version":[{"id":122461,"href":"https:\/\/eldiariodesanpedro.com.ar\/sitio\/wp-json\/wp\/v2\/posts\/122458\/revisions\/122461"}],"wp:featuredmedia":[{"embeddable":true,"href":"https:\/\/eldiariodesanpedro.com.ar\/sitio\/wp-json\/wp\/v2\/media\/122460"}],"wp:attachment":[{"href":"https:\/\/eldiariodesanpedro.com.ar\/sitio\/wp-json\/wp\/v2\/media?parent=122458"}],"wp:term":[{"taxonomy":"category","embeddable":true,"href":"https:\/\/eldiariodesanpedro.com.ar\/sitio\/wp-json\/wp\/v2\/categories?post=122458"},{"taxonomy":"post_tag","embeddable":true,"href":"https:\/\/eldiariodesanpedro.com.ar\/sitio\/wp-json\/wp\/v2\/tags?post=122458"}],"curies":[{"name":"wp","href":"https:\/\/api.w.org\/{rel}","templated":true}]}}