{"id":122452,"date":"2023-09-20T20:00:06","date_gmt":"2023-09-20T23:00:06","guid":{"rendered":"https:\/\/eldiariodesanpedro.com.ar\/sitio\/?p=122452"},"modified":"2023-09-20T20:00:08","modified_gmt":"2023-09-20T23:00:08","slug":"obras-de-ampliacion-la-escuela-primaria-no16-y-en-el-jardin-no915-de-rio-tala","status":"publish","type":"post","link":"https:\/\/eldiariodesanpedro.com.ar\/sitio\/obras-de-ampliacion-la-escuela-primaria-no16-y-en-el-jardin-no915-de-rio-tala\/","title":{"rendered":"Obras de ampliaci\u00f3n la Escuela Primaria N\u00ba16 y en el Jard\u00edn N\u00ba915 de R\u00edo Tala"},"content":{"rendered":"<!-- VideographyWP Plugin Message: Automatic video embedding prevented by plugin options. -->\n\n<p>El Intendente Cecilio Salazar recorri\u00f3 hoy junto al Secretario de Obras P\u00fablicas, Planeamiento y Catastro, Javier Silva establecimientos educativos en los que est\u00e1n en marcha obras de ampliaci\u00f3n y remodelaci\u00f3n.<\/p>\n\n\n\n<p>La visita comenz\u00f3 por la Escuela Primaria N\u00ba16 \u00abMart\u00edn Miguel de G\u00fcemes\u00bb ubicada en una zona rural con importante desarrollo a sus alrededores y una gran concurrencia de ni\u00f1os y ni\u00f1as, no s\u00f3lo de la zona, sino de diferentes puntos de San Pedro. All\u00ed se planifica la ampliaci\u00f3n de la cocina, la oficina de la Direcci\u00f3n y un aula, que permitir\u00e1n darle mayor comodidad tanto a los docentes y personal, como a los diferentes cursos. Al tiempo que tambi\u00e9n se construir\u00e1 un play\u00f3n deportivo.<br>Adem\u00e1s, se ha comenzado a levantar un tapial que brindar\u00e1 mayor contenci\u00f3n y seguridad para el establecimiento.<\/p>\n\n\n\n<p>Posteriormente visitaron el Jard\u00edn N\u00ba915 de Bajo Tala en la que ya concluyeron las obras realizadas para colocar un alambrado perimetral, la instalaci\u00f3n de nuevos juegos infantiles y especialmente una nueva aula y un cuerpo de sanitarios.<\/p>\n\n\n\n<p>Con el trabajo conjunto de todos los sectores involucrados con la educaci\u00f3n siguen adelante estas obras fundamentales que ratifican el compromiso del gobierno municipal y naturalmente de los gobiernos de Provincia y Naci\u00f3n con la educaci\u00f3n&nbsp;p\u00fablica.<\/p>\n","protected":false},"excerpt":{"rendered":"<p>El Intendente Cecilio Salazar recorri\u00f3 hoy junto al Secretario de Obras P\u00fablicas, Planeamiento y Catastro, Javier Silva establecimientos educativos en los que est\u00e1n en marcha obras de ampliaci\u00f3n y remodelaci\u00f3n. La visita comenz\u00f3 por la Escuela Primaria N\u00ba16 \u00abMart\u00edn Miguel de G\u00fcemes\u00bb ubicada en una zona rural con importante desarrollo a sus alrededores y una [&hellip;]<\/p>\n","protected":false},"author":4,"featured_media":122454,"comment_status":"closed","ping_status":"closed","sticky":false,"template":"","format":"standard","meta":{"om_disable_all_campaigns":false,"_jetpack_memberships_contains_paid_content":false,"footnotes":""},"categories":[50,101,2],"tags":[197,696,33,19],"class_list":["post-122452","post","type-post","status-publish","format-standard","has-post-thumbnail","hentry","category-destacadas","category-interes-general-locales","category-locales","tag-buenos-aires","tag-interes-general","tag-locales","tag-san-pedro"],"aioseo_notices":[],"gutentor_comment":0,"jetpack_featured_media_url":"https:\/\/eldiariodesanpedro.com.ar\/sitio\/wp-content\/uploads\/2023\/09\/Imagen-de-WhatsApp-2023-09-18-a-las-18.10.56.jpg","jetpack_shortlink":"https:\/\/wp.me\/p6RhLt-vR2","jetpack_sharing_enabled":true,"_links":{"self":[{"href":"https:\/\/eldiariodesanpedro.com.ar\/sitio\/wp-json\/wp\/v2\/posts\/122452","targetHints":{"allow":["GET"]}}],"collection":[{"href":"https:\/\/eldiariodesanpedro.com.ar\/sitio\/wp-json\/wp\/v2\/posts"}],"about":[{"href":"https:\/\/eldiariodesanpedro.com.ar\/sitio\/wp-json\/wp\/v2\/types\/post"}],"author":[{"embeddable":true,"href":"https:\/\/eldiariodesanpedro.com.ar\/sitio\/wp-json\/wp\/v2\/users\/4"}],"replies":[{"embeddable":true,"href":"https:\/\/eldiariodesanpedro.com.ar\/sitio\/wp-json\/wp\/v2\/comments?post=122452"}],"version-history":[{"count":1,"href":"https:\/\/eldiariodesanpedro.com.ar\/sitio\/wp-json\/wp\/v2\/posts\/122452\/revisions"}],"predecessor-version":[{"id":122457,"href":"https:\/\/eldiariodesanpedro.com.ar\/sitio\/wp-json\/wp\/v2\/posts\/122452\/revisions\/122457"}],"wp:featuredmedia":[{"embeddable":true,"href":"https:\/\/eldiariodesanpedro.com.ar\/sitio\/wp-json\/wp\/v2\/media\/122454"}],"wp:attachment":[{"href":"https:\/\/eldiariodesanpedro.com.ar\/sitio\/wp-json\/wp\/v2\/media?parent=122452"}],"wp:term":[{"taxonomy":"category","embeddable":true,"href":"https:\/\/eldiariodesanpedro.com.ar\/sitio\/wp-json\/wp\/v2\/categories?post=122452"},{"taxonomy":"post_tag","embeddable":true,"href":"https:\/\/eldiariodesanpedro.com.ar\/sitio\/wp-json\/wp\/v2\/tags?post=122452"}],"curies":[{"name":"wp","href":"https:\/\/api.w.org\/{rel}","templated":true}]}}