{"id":122449,"date":"2023-09-20T10:26:13","date_gmt":"2023-09-20T13:26:13","guid":{"rendered":"https:\/\/eldiariodesanpedro.com.ar\/sitio\/?p=122449"},"modified":"2023-09-20T10:26:14","modified_gmt":"2023-09-20T13:26:14","slug":"edicto-de-transferencia-de-fondo-de-comercio-de-frutalco","status":"publish","type":"post","link":"https:\/\/eldiariodesanpedro.com.ar\/sitio\/edicto-de-transferencia-de-fondo-de-comercio-de-frutalco\/","title":{"rendered":"Edicto de Transferencia de Fondo de Comercio de Frutalco"},"content":{"rendered":"<!-- VideographyWP Plugin Message: Automatic video embedding prevented by plugin options. -->\n\n<p>TRANSFERENCIA DE FONDO DE COMERCIO. EDICTO LEY 11.867. POR 5 DIAS : Baradero: Colangelo Cristian Javier CUIT : 20-28316562-1, CEDE, TRANSFIERE y VENDE a Colangelo Ezequiel Alejandro y Alicia Isabel Valcabado y Veloso, ambos con domicilio en Cerrito 3949, Localidad de Carapachay, Partido de Vicente L\u00f3pez, Provincia de Buenos Aires, el establecimiento comercial del Rubro Frut\u00edcola, con nombre de fantas\u00eda FRUTALCO, dedicado a la producci\u00f3n y comercializaci\u00f3n de duraznos, con domicilio en Kil\u00f3metro 131, sentido Rosario, de la Ruta Nacional N\u00b0 9, de la Localidad de Alsina, Partido de Baradero, Provincia de Buenos Aires, asumiendo el vendedor todas las deudas si las hubiere, grav\u00e1menes, impuestos \u00f3 multas, inhibiciones y embargos. Las oposiciones determinadas en el Art. 4\u00b0 de la Ley 11.867 se recibir\u00e1n en el domicilio del Contador P\u00fablico Alberto Fraga, ubicado en la calle Libertad 7320, de la Localidad de Jos\u00e9 Le\u00f3n Suarez, Partido de san Mart\u00edn Provincia de Buenos Aires.<\/p>\n\n\n\n<p>(Publicaci\u00f3n V\u00e1lida los d\u00edas 20, 21, 22, 23 y 24 de septiembre de 2023)<\/p>\n","protected":false},"excerpt":{"rendered":"<p>TRANSFERENCIA DE FONDO DE COMERCIO. EDICTO LEY 11.867. POR 5 DIAS : Baradero: Colangelo Cristian Javier CUIT : 20-28316562-1, CEDE, TRANSFIERE y VENDE a Colangelo Ezequiel Alejandro y Alicia Isabel Valcabado y Veloso, ambos con domicilio en Cerrito 3949, Localidad de Carapachay, Partido de Vicente L\u00f3pez, Provincia de Buenos Aires, el establecimiento comercial del Rubro [&hellip;]<\/p>\n","protected":false},"author":4,"featured_media":102746,"comment_status":"closed","ping_status":"closed","sticky":false,"template":"","format":"standard","meta":{"om_disable_all_campaigns":false,"_jetpack_memberships_contains_paid_content":false,"footnotes":""},"categories":[676,1124],"tags":[4500],"class_list":["post-122449","post","type-post","status-publish","format-standard","has-post-thumbnail","hentry","category-edictos","category-edictos-especiales","tag-edicto-de-transferencia-de-fondo-de-comercio-de-frutalco"],"aioseo_notices":[],"gutentor_comment":0,"jetpack_featured_media_url":"https:\/\/eldiariodesanpedro.com.ar\/sitio\/wp-content\/uploads\/2022\/01\/EDICTO.jpg","jetpack_shortlink":"https:\/\/wp.me\/p6RhLt-vQZ","jetpack_sharing_enabled":true,"_links":{"self":[{"href":"https:\/\/eldiariodesanpedro.com.ar\/sitio\/wp-json\/wp\/v2\/posts\/122449","targetHints":{"allow":["GET"]}}],"collection":[{"href":"https:\/\/eldiariodesanpedro.com.ar\/sitio\/wp-json\/wp\/v2\/posts"}],"about":[{"href":"https:\/\/eldiariodesanpedro.com.ar\/sitio\/wp-json\/wp\/v2\/types\/post"}],"author":[{"embeddable":true,"href":"https:\/\/eldiariodesanpedro.com.ar\/sitio\/wp-json\/wp\/v2\/users\/4"}],"replies":[{"embeddable":true,"href":"https:\/\/eldiariodesanpedro.com.ar\/sitio\/wp-json\/wp\/v2\/comments?post=122449"}],"version-history":[{"count":1,"href":"https:\/\/eldiariodesanpedro.com.ar\/sitio\/wp-json\/wp\/v2\/posts\/122449\/revisions"}],"predecessor-version":[{"id":122450,"href":"https:\/\/eldiariodesanpedro.com.ar\/sitio\/wp-json\/wp\/v2\/posts\/122449\/revisions\/122450"}],"wp:featuredmedia":[{"embeddable":true,"href":"https:\/\/eldiariodesanpedro.com.ar\/sitio\/wp-json\/wp\/v2\/media\/102746"}],"wp:attachment":[{"href":"https:\/\/eldiariodesanpedro.com.ar\/sitio\/wp-json\/wp\/v2\/media?parent=122449"}],"wp:term":[{"taxonomy":"category","embeddable":true,"href":"https:\/\/eldiariodesanpedro.com.ar\/sitio\/wp-json\/wp\/v2\/categories?post=122449"},{"taxonomy":"post_tag","embeddable":true,"href":"https:\/\/eldiariodesanpedro.com.ar\/sitio\/wp-json\/wp\/v2\/tags?post=122449"}],"curies":[{"name":"wp","href":"https:\/\/api.w.org\/{rel}","templated":true}]}}