{"id":122447,"date":"2023-09-20T10:19:20","date_gmt":"2023-09-20T13:19:20","guid":{"rendered":"https:\/\/eldiariodesanpedro.com.ar\/sitio\/?p=122447"},"modified":"2023-09-20T18:47:55","modified_gmt":"2023-09-20T21:47:55","slug":"edicto-de-sucesion-de-lafratto-analia-y-reyna-juan-arsenio","status":"publish","type":"post","link":"https:\/\/eldiariodesanpedro.com.ar\/sitio\/edicto-de-sucesion-de-lafratto-analia-y-reyna-juan-arsenio\/","title":{"rendered":"Edicto de Sucesi\u00f3n de Lafratto Ana Lia y Reyna Juan Arsenio"},"content":{"rendered":"<!-- VideographyWP Plugin Message: Automatic video embedding prevented by plugin options. -->\n\n<p>El Juzgado de Paz Letrado de Baradero, cita y emplaza por 30 d\u00edas a herederos y acreedores de<strong> Lafratto Ana Lia y Reyna Juan Arsenio<\/strong>.- Baradero, 18 de septiembre de 2023.-<\/p>\n\n\n\n<p>ESTEBAN OMAR PERUSINA &nbsp;<br>ABOGADO SECRETARIO&nbsp;<\/p>\n\n\n\n<p>(Publicaci\u00f3n V\u00e1lida los d\u00edas 20, 21 y 22 de septiembre de 2023)<\/p>\n","protected":false},"excerpt":{"rendered":"<p>El Juzgado de Paz Letrado de Baradero, cita y emplaza por 30 d\u00edas a herederos y acreedores de Lafratto Ana Lia y Reyna Juan Arsenio.- Baradero, 18 de septiembre de 2023.- ESTEBAN OMAR PERUSINA &nbsp;ABOGADO SECRETARIO&nbsp; (Publicaci\u00f3n V\u00e1lida los d\u00edas 20, 21 y 22 de septiembre de 2023)<\/p>\n","protected":false},"author":4,"featured_media":102746,"comment_status":"closed","ping_status":"closed","sticky":false,"template":"","format":"standard","meta":{"om_disable_all_campaigns":false,"_jetpack_memberships_contains_paid_content":false,"footnotes":""},"categories":[676,677],"tags":[197,4499,19],"class_list":["post-122447","post","type-post","status-publish","format-standard","has-post-thumbnail","hentry","category-edictos","category-edictos-sucesorios","tag-buenos-aires","tag-edicto-de-sucesion-de-lafratto-analia-y-reyna-juan-arsenio","tag-san-pedro"],"aioseo_notices":[],"gutentor_comment":0,"jetpack_featured_media_url":"https:\/\/eldiariodesanpedro.com.ar\/sitio\/wp-content\/uploads\/2022\/01\/EDICTO.jpg","jetpack_shortlink":"https:\/\/wp.me\/p6RhLt-vQX","jetpack_sharing_enabled":true,"_links":{"self":[{"href":"https:\/\/eldiariodesanpedro.com.ar\/sitio\/wp-json\/wp\/v2\/posts\/122447","targetHints":{"allow":["GET"]}}],"collection":[{"href":"https:\/\/eldiariodesanpedro.com.ar\/sitio\/wp-json\/wp\/v2\/posts"}],"about":[{"href":"https:\/\/eldiariodesanpedro.com.ar\/sitio\/wp-json\/wp\/v2\/types\/post"}],"author":[{"embeddable":true,"href":"https:\/\/eldiariodesanpedro.com.ar\/sitio\/wp-json\/wp\/v2\/users\/4"}],"replies":[{"embeddable":true,"href":"https:\/\/eldiariodesanpedro.com.ar\/sitio\/wp-json\/wp\/v2\/comments?post=122447"}],"version-history":[{"count":2,"href":"https:\/\/eldiariodesanpedro.com.ar\/sitio\/wp-json\/wp\/v2\/posts\/122447\/revisions"}],"predecessor-version":[{"id":122451,"href":"https:\/\/eldiariodesanpedro.com.ar\/sitio\/wp-json\/wp\/v2\/posts\/122447\/revisions\/122451"}],"wp:featuredmedia":[{"embeddable":true,"href":"https:\/\/eldiariodesanpedro.com.ar\/sitio\/wp-json\/wp\/v2\/media\/102746"}],"wp:attachment":[{"href":"https:\/\/eldiariodesanpedro.com.ar\/sitio\/wp-json\/wp\/v2\/media?parent=122447"}],"wp:term":[{"taxonomy":"category","embeddable":true,"href":"https:\/\/eldiariodesanpedro.com.ar\/sitio\/wp-json\/wp\/v2\/categories?post=122447"},{"taxonomy":"post_tag","embeddable":true,"href":"https:\/\/eldiariodesanpedro.com.ar\/sitio\/wp-json\/wp\/v2\/tags?post=122447"}],"curies":[{"name":"wp","href":"https:\/\/api.w.org\/{rel}","templated":true}]}}