{"id":122439,"date":"2023-09-20T09:46:39","date_gmt":"2023-09-20T12:46:39","guid":{"rendered":"https:\/\/eldiariodesanpedro.com.ar\/sitio\/?p=122439"},"modified":"2023-09-20T09:46:41","modified_gmt":"2023-09-20T12:46:41","slug":"edicto-de-sucesion-de-agusil-hugo-jorge","status":"publish","type":"post","link":"https:\/\/eldiariodesanpedro.com.ar\/sitio\/edicto-de-sucesion-de-agusil-hugo-jorge\/","title":{"rendered":"Edicto de Sucesi\u00f3n de Agusil Hugo Jorge"},"content":{"rendered":"<!-- VideographyWP Plugin Message: Automatic video embedding prevented by plugin options. -->\n\n<p>Juzgado de Paz de San Pedro, cita y emplaza por 30 d\u00edas a herederos y acreedores de <strong>Agusil Hugo Jorge<\/strong>. San Pedro, 13 de Septiembre de 2023&nbsp;<\/p>\n\n\n\n<p>FACUNDO VELL\u00d3N&nbsp;<br>ABOGADO SECRETARIO&nbsp;<\/p>\n\n\n\n<p>(Publicaci\u00f3n V\u00e1lida los d\u00edas 20, 21 y 22 de septiembre de 2023)<\/p>\n","protected":false},"excerpt":{"rendered":"<p>Juzgado de Paz de San Pedro, cita y emplaza por 30 d\u00edas a herederos y acreedores de Agusil Hugo Jorge. San Pedro, 13 de Septiembre de 2023&nbsp; FACUNDO VELL\u00d3N&nbsp;ABOGADO SECRETARIO&nbsp; (Publicaci\u00f3n V\u00e1lida los d\u00edas 20, 21 y 22 de septiembre de 2023)<\/p>\n","protected":false},"author":4,"featured_media":102746,"comment_status":"closed","ping_status":"closed","sticky":false,"template":"","format":"standard","meta":{"om_disable_all_campaigns":false,"_jetpack_memberships_contains_paid_content":false,"footnotes":""},"categories":[676,677],"tags":[4495],"class_list":["post-122439","post","type-post","status-publish","format-standard","has-post-thumbnail","hentry","category-edictos","category-edictos-sucesorios","tag-edicto-de-sucesion-de-agusil-hugo-jorge"],"aioseo_notices":[],"gutentor_comment":0,"jetpack_featured_media_url":"https:\/\/eldiariodesanpedro.com.ar\/sitio\/wp-content\/uploads\/2022\/01\/EDICTO.jpg","jetpack_shortlink":"https:\/\/wp.me\/p6RhLt-vQP","jetpack_sharing_enabled":true,"_links":{"self":[{"href":"https:\/\/eldiariodesanpedro.com.ar\/sitio\/wp-json\/wp\/v2\/posts\/122439","targetHints":{"allow":["GET"]}}],"collection":[{"href":"https:\/\/eldiariodesanpedro.com.ar\/sitio\/wp-json\/wp\/v2\/posts"}],"about":[{"href":"https:\/\/eldiariodesanpedro.com.ar\/sitio\/wp-json\/wp\/v2\/types\/post"}],"author":[{"embeddable":true,"href":"https:\/\/eldiariodesanpedro.com.ar\/sitio\/wp-json\/wp\/v2\/users\/4"}],"replies":[{"embeddable":true,"href":"https:\/\/eldiariodesanpedro.com.ar\/sitio\/wp-json\/wp\/v2\/comments?post=122439"}],"version-history":[{"count":1,"href":"https:\/\/eldiariodesanpedro.com.ar\/sitio\/wp-json\/wp\/v2\/posts\/122439\/revisions"}],"predecessor-version":[{"id":122440,"href":"https:\/\/eldiariodesanpedro.com.ar\/sitio\/wp-json\/wp\/v2\/posts\/122439\/revisions\/122440"}],"wp:featuredmedia":[{"embeddable":true,"href":"https:\/\/eldiariodesanpedro.com.ar\/sitio\/wp-json\/wp\/v2\/media\/102746"}],"wp:attachment":[{"href":"https:\/\/eldiariodesanpedro.com.ar\/sitio\/wp-json\/wp\/v2\/media?parent=122439"}],"wp:term":[{"taxonomy":"category","embeddable":true,"href":"https:\/\/eldiariodesanpedro.com.ar\/sitio\/wp-json\/wp\/v2\/categories?post=122439"},{"taxonomy":"post_tag","embeddable":true,"href":"https:\/\/eldiariodesanpedro.com.ar\/sitio\/wp-json\/wp\/v2\/tags?post=122439"}],"curies":[{"name":"wp","href":"https:\/\/api.w.org\/{rel}","templated":true}]}}