{"id":122433,"date":"2023-09-19T13:52:38","date_gmt":"2023-09-19T16:52:38","guid":{"rendered":"https:\/\/eldiariodesanpedro.com.ar\/sitio\/?p=122433"},"modified":"2023-09-19T13:52:40","modified_gmt":"2023-09-19T16:52:40","slug":"un-hombre-sufrio-heridas-graves-en-un-choque-en-la-esquina-de-salta-e-italia","status":"publish","type":"post","link":"https:\/\/eldiariodesanpedro.com.ar\/sitio\/un-hombre-sufrio-heridas-graves-en-un-choque-en-la-esquina-de-salta-e-italia\/","title":{"rendered":"Un hombre sufri\u00f3 heridas graves en un choque en la esquina de Salta e Italia"},"content":{"rendered":"<!-- VideographyWP Plugin Message: Automatic video embedding prevented by plugin options. -->\n\n<p>El accidente ocurri\u00f3 en la intersecci\u00f3n de las calles Salta e Italia de nuestra ciudad, involucr\u00f3 a una camioneta marca Ford F100, cuyo conductor es un hombre de 65 a\u00f1os, y una motocicleta marca Motomel B110, que era operada por un joven de 17 a\u00f1os. Adem\u00e1s, en la motocicleta viajaba como acompa\u00f1ante el progenitor, de 43 a\u00f1os de edad.<\/p>\n\n\n\n<p>Como resultado de la colisi\u00f3n, ambos ocupantes de la motocicleta sufrieron heridas y fueron inmediatamente trasladados al hospital local para recibir atenci\u00f3n m\u00e9dica. Las lesiones sufridas por el acompa\u00f1ante, de 43 a\u00f1os, se han calificado como graves, aunque se informa que su vida no corre peligro en estos momentos.<\/p>\n\n\n\n<p>La Dra. Flores Abellan, a cargo de la Unidad Fiscal de Instrucci\u00f3n del Joven, ha asumido la responsabilidad de investigar este caso.<\/p>\n\n\n\n<p><a href=\"https:\/\/canalwebsanpedro.com.ar\/un-hombre-sufrio-heridas-graves-en-un-choque-en-la-esquina-de-salta-e-italia\/\"><\/a><\/p>\n","protected":false},"excerpt":{"rendered":"<p>El accidente ocurri\u00f3 en la intersecci\u00f3n de las calles Salta e Italia de nuestra ciudad, involucr\u00f3 a una camioneta marca Ford F100, cuyo conductor es un hombre de 65 a\u00f1os, y una motocicleta marca Motomel B110, que era operada por un joven de 17 a\u00f1os. Adem\u00e1s, en la motocicleta viajaba como acompa\u00f1ante el progenitor, de [&hellip;]<\/p>\n","protected":false},"author":4,"featured_media":122434,"comment_status":"closed","ping_status":"closed","sticky":false,"template":"","format":"standard","meta":{"om_disable_all_campaigns":false,"_jetpack_memberships_contains_paid_content":false,"footnotes":""},"categories":[2,103],"tags":[197,33,95,19],"class_list":["post-122433","post","type-post","status-publish","format-standard","has-post-thumbnail","hentry","category-locales","category-policiales-locales","tag-buenos-aires","tag-locales","tag-policiales","tag-san-pedro"],"aioseo_notices":[],"gutentor_comment":0,"jetpack_featured_media_url":"https:\/\/eldiariodesanpedro.com.ar\/sitio\/wp-content\/uploads\/2023\/09\/choque-salta.jpg","jetpack_shortlink":"https:\/\/wp.me\/p6RhLt-vQJ","jetpack_sharing_enabled":true,"_links":{"self":[{"href":"https:\/\/eldiariodesanpedro.com.ar\/sitio\/wp-json\/wp\/v2\/posts\/122433","targetHints":{"allow":["GET"]}}],"collection":[{"href":"https:\/\/eldiariodesanpedro.com.ar\/sitio\/wp-json\/wp\/v2\/posts"}],"about":[{"href":"https:\/\/eldiariodesanpedro.com.ar\/sitio\/wp-json\/wp\/v2\/types\/post"}],"author":[{"embeddable":true,"href":"https:\/\/eldiariodesanpedro.com.ar\/sitio\/wp-json\/wp\/v2\/users\/4"}],"replies":[{"embeddable":true,"href":"https:\/\/eldiariodesanpedro.com.ar\/sitio\/wp-json\/wp\/v2\/comments?post=122433"}],"version-history":[{"count":1,"href":"https:\/\/eldiariodesanpedro.com.ar\/sitio\/wp-json\/wp\/v2\/posts\/122433\/revisions"}],"predecessor-version":[{"id":122435,"href":"https:\/\/eldiariodesanpedro.com.ar\/sitio\/wp-json\/wp\/v2\/posts\/122433\/revisions\/122435"}],"wp:featuredmedia":[{"embeddable":true,"href":"https:\/\/eldiariodesanpedro.com.ar\/sitio\/wp-json\/wp\/v2\/media\/122434"}],"wp:attachment":[{"href":"https:\/\/eldiariodesanpedro.com.ar\/sitio\/wp-json\/wp\/v2\/media?parent=122433"}],"wp:term":[{"taxonomy":"category","embeddable":true,"href":"https:\/\/eldiariodesanpedro.com.ar\/sitio\/wp-json\/wp\/v2\/categories?post=122433"},{"taxonomy":"post_tag","embeddable":true,"href":"https:\/\/eldiariodesanpedro.com.ar\/sitio\/wp-json\/wp\/v2\/tags?post=122433"}],"curies":[{"name":"wp","href":"https:\/\/api.w.org\/{rel}","templated":true}]}}