{"id":122430,"date":"2023-09-19T13:38:21","date_gmt":"2023-09-19T16:38:21","guid":{"rendered":"https:\/\/eldiariodesanpedro.com.ar\/sitio\/?p=122430"},"modified":"2023-09-19T13:38:23","modified_gmt":"2023-09-19T16:38:23","slug":"detencion-delincuente-de-17-anos-realizo-un-raid-delictivo-y-golpeo-a-una-anciana","status":"publish","type":"post","link":"https:\/\/eldiariodesanpedro.com.ar\/sitio\/detencion-delincuente-de-17-anos-realizo-un-raid-delictivo-y-golpeo-a-una-anciana\/","title":{"rendered":"Detenci\u00f3n: delincuente de 17 a\u00f1os realiz\u00f3 un raid delictivo y golpe\u00f3 a una anciana"},"content":{"rendered":"<!-- VideographyWP Plugin Message: Automatic video embedding prevented by plugin options. -->\n\n<p>El procedimiento se llev\u00f3 a cabo en un domicilio de Saavedra 373, donde la polic\u00eda debi\u00f3 concurrir luego que el alerta indicaba un robo en proceso en ese lugar.&nbsp;Al llegar, los integrantes de la fuerza de seguridad se encontraron con el individuo en el interior de la casa, con la clara intenci\u00f3n de perpetrar un acto delictivo. Ante esta situaci\u00f3n el malviviente emprendi\u00f3 su huida saltando por los techos de las viviendas vecinas.<\/p>\n\n\n\n<p>Se produjo una persecuci\u00f3n logrando la aprehensi\u00f3n del joven delincuente de 17. Este arresto se llev\u00f3 a cabo en la intersecci\u00f3n de las calles Ayacucho e Ituzaingo.<\/p>\n\n\n\n<p>En el momento de la detenci\u00f3n, se encontraron en posesi\u00f3n del joven una serie de objetos que hab\u00eda robado en varios departamentos, mientras que el rastrillaje por la zona revel\u00f3 que el sospechoso hab\u00eda dejado por el camino una serie de elementos&nbsp; que fueron secuestrados.<\/p>\n\n\n\n<p>Luego de su captura, se pudo establecer que el delincuente hab\u00eda agredido a la moradora de la casa que hab\u00eda ingresado, propin\u00e1ndole un golpe que le caus\u00f3 lesiones.<\/p>\n","protected":false},"excerpt":{"rendered":"<p>El procedimiento se llev\u00f3 a cabo en un domicilio de Saavedra 373, donde la polic\u00eda debi\u00f3 concurrir luego que el alerta indicaba un robo en proceso en ese lugar.&nbsp;Al llegar, los integrantes de la fuerza de seguridad se encontraron con el individuo en el interior de la casa, con la clara intenci\u00f3n de perpetrar un [&hellip;]<\/p>\n","protected":false},"author":4,"featured_media":122431,"comment_status":"closed","ping_status":"closed","sticky":false,"template":"","format":"standard","meta":{"om_disable_all_campaigns":false,"_jetpack_memberships_contains_paid_content":false,"footnotes":""},"categories":[2,103],"tags":[197,33,95,19],"class_list":["post-122430","post","type-post","status-publish","format-standard","has-post-thumbnail","hentry","category-locales","category-policiales-locales","tag-buenos-aires","tag-locales","tag-policiales","tag-san-pedro"],"aioseo_notices":[],"gutentor_comment":0,"jetpack_featured_media_url":"https:\/\/eldiariodesanpedro.com.ar\/sitio\/wp-content\/uploads\/2023\/09\/secustro.jpg","jetpack_shortlink":"https:\/\/wp.me\/p6RhLt-vQG","jetpack_sharing_enabled":true,"_links":{"self":[{"href":"https:\/\/eldiariodesanpedro.com.ar\/sitio\/wp-json\/wp\/v2\/posts\/122430","targetHints":{"allow":["GET"]}}],"collection":[{"href":"https:\/\/eldiariodesanpedro.com.ar\/sitio\/wp-json\/wp\/v2\/posts"}],"about":[{"href":"https:\/\/eldiariodesanpedro.com.ar\/sitio\/wp-json\/wp\/v2\/types\/post"}],"author":[{"embeddable":true,"href":"https:\/\/eldiariodesanpedro.com.ar\/sitio\/wp-json\/wp\/v2\/users\/4"}],"replies":[{"embeddable":true,"href":"https:\/\/eldiariodesanpedro.com.ar\/sitio\/wp-json\/wp\/v2\/comments?post=122430"}],"version-history":[{"count":1,"href":"https:\/\/eldiariodesanpedro.com.ar\/sitio\/wp-json\/wp\/v2\/posts\/122430\/revisions"}],"predecessor-version":[{"id":122432,"href":"https:\/\/eldiariodesanpedro.com.ar\/sitio\/wp-json\/wp\/v2\/posts\/122430\/revisions\/122432"}],"wp:featuredmedia":[{"embeddable":true,"href":"https:\/\/eldiariodesanpedro.com.ar\/sitio\/wp-json\/wp\/v2\/media\/122431"}],"wp:attachment":[{"href":"https:\/\/eldiariodesanpedro.com.ar\/sitio\/wp-json\/wp\/v2\/media?parent=122430"}],"wp:term":[{"taxonomy":"category","embeddable":true,"href":"https:\/\/eldiariodesanpedro.com.ar\/sitio\/wp-json\/wp\/v2\/categories?post=122430"},{"taxonomy":"post_tag","embeddable":true,"href":"https:\/\/eldiariodesanpedro.com.ar\/sitio\/wp-json\/wp\/v2\/tags?post=122430"}],"curies":[{"name":"wp","href":"https:\/\/api.w.org\/{rel}","templated":true}]}}