{"id":122426,"date":"2023-09-19T13:30:11","date_gmt":"2023-09-19T16:30:11","guid":{"rendered":"https:\/\/eldiariodesanpedro.com.ar\/sitio\/?p=122426"},"modified":"2023-09-19T13:30:13","modified_gmt":"2023-09-19T16:30:13","slug":"detienen-a-sujeto-que-intento-incendiar-un-local-comercial","status":"publish","type":"post","link":"https:\/\/eldiariodesanpedro.com.ar\/sitio\/detienen-a-sujeto-que-intento-incendiar-un-local-comercial\/","title":{"rendered":"Detienen a sujeto que intent\u00f3 incendiar un local comercial"},"content":{"rendered":"<!-- VideographyWP Plugin Message: Automatic video embedding prevented by plugin options. -->\n\n<p>El hecho se registr\u00f3 el domingo por la madrugada luego que el sujeto imputado por el hecho caratulado como \u00abIncendio y amenazas en concurso real\u00bb, protagonizara la grave situaci\u00f3n. Tras la investigaci\u00f3n deriv\u00f3 en un allanamiento y en su posterior detenci\u00f3n.<\/p>\n\n\n\n<p>Todo comenz\u00f3 cuando el joven fue retirado por personal de seguridad de un local nocturno luego que una persona que se desempe\u00f1a en el lugar de esparcimiento nocturno advirtiera al personal de seguridad que el agresor se encontraba molestando a una de sus compa\u00f1eras.<\/p>\n\n\n\n<p>Como consecuencia de ello, tras su salida del lugar. arroj\u00f3 nafta en el frente del tradicional comercio de la familia\u00a0 de quien hab\u00eda logrado que fuera retirado del boliche, localizado en \u00a0Balcarce al 200 y lo prendi\u00f3 fuego (como se puede ver en las im\u00e1genes). Si bien el foco fue controlado por vecinos podr\u00eda haber ocurrido un verdadero desastre. Poco despu\u00e9s, esa misma ma\u00f1ana, regres\u00f3 para realizar amenazar.<\/p>\n\n\n\n<h4 class=\"wp-block-heading\"><em>Allanamiento<\/em><\/h4>\n\n\n\n<p>Luego, con el avance de la causa y la investigaci\u00f3n, Personal del Grupo de Tareas Operativas de la Comisar\u00eda local logr\u00f3 identificar al autor del intento de incendio<\/p>\n\n\n\n<p>Un allanamiento ordenado por la Justicia fue diligenciado por personal de la Estaci\u00f3n de Polic\u00eda Comunal y la Direcci\u00f3n Distrital de Investigaciones en Miguel Porta 935. En ese lugar, detuvieron al sujeton, de 31 a\u00f1os, y secuestraron el autom\u00f3vil Renault Cl\u00edo que puede verse en las im\u00e1genes que registraron el hecho vand\u00e1lico. Adem\u00e1s, incautaron un tel\u00e9fono celular que podr\u00eda aportar m\u00e1s pruebas a la causa.<\/p>\n\n\n\n<figure class=\"wp-block-image size-full\"><img decoding=\"async\" width=\"640\" height=\"360\" data-attachment-id=\"122427\" data-permalink=\"https:\/\/eldiariodesanpedro.com.ar\/sitio\/detienen-a-sujeto-que-intento-incendiar-un-local-comercial\/detenido-incendio\/\" data-orig-file=\"https:\/\/eldiariodesanpedro.com.ar\/sitio\/wp-content\/uploads\/2023\/09\/Detenido-incendio-.jpg\" data-orig-size=\"640,360\" data-comments-opened=\"0\" data-image-meta=\"{&quot;aperture&quot;:&quot;0&quot;,&quot;credit&quot;:&quot;&quot;,&quot;camera&quot;:&quot;&quot;,&quot;caption&quot;:&quot;&quot;,&quot;created_timestamp&quot;:&quot;0&quot;,&quot;copyright&quot;:&quot;&quot;,&quot;focal_length&quot;:&quot;0&quot;,&quot;iso&quot;:&quot;0&quot;,&quot;shutter_speed&quot;:&quot;0&quot;,&quot;title&quot;:&quot;&quot;,&quot;orientation&quot;:&quot;0&quot;}\" data-image-title=\"Detenido-incendio-\" data-image-description=\"\" data-image-caption=\"\" data-large-file=\"https:\/\/eldiariodesanpedro.com.ar\/sitio\/wp-content\/uploads\/2023\/09\/Detenido-incendio-.jpg\" data-src=\"https:\/\/eldiariodesanpedro.com.ar\/sitio\/wp-content\/uploads\/2023\/09\/Detenido-incendio-.jpg\" alt=\"\" class=\"wp-image-122427 lazyload\" data-srcset=\"https:\/\/eldiariodesanpedro.com.ar\/sitio\/wp-content\/uploads\/2023\/09\/Detenido-incendio-.jpg 640w, https:\/\/eldiariodesanpedro.com.ar\/sitio\/wp-content\/uploads\/2023\/09\/Detenido-incendio--300x169.jpg 300w\" data-sizes=\"(max-width: 640px) 100vw, 640px\" src=\"data:image\/svg+xml;base64,PHN2ZyB3aWR0aD0iMSIgaGVpZ2h0PSIxIiB4bWxucz0iaHR0cDovL3d3dy53My5vcmcvMjAwMC9zdmciPjwvc3ZnPg==\" style=\"--smush-placeholder-width: 640px; --smush-placeholder-aspect-ratio: 640\/360;\" \/><\/figure>\n","protected":false},"excerpt":{"rendered":"<p>El hecho se registr\u00f3 el domingo por la madrugada luego que el sujeto imputado por el hecho caratulado como \u00abIncendio y amenazas en concurso real\u00bb, protagonizara la grave situaci\u00f3n. Tras la investigaci\u00f3n deriv\u00f3 en un allanamiento y en su posterior detenci\u00f3n. Todo comenz\u00f3 cuando el joven fue retirado por personal de seguridad de un local [&hellip;]<\/p>\n","protected":false},"author":4,"featured_media":122428,"comment_status":"closed","ping_status":"closed","sticky":false,"template":"","format":"standard","meta":{"om_disable_all_campaigns":false,"_jetpack_memberships_contains_paid_content":false,"footnotes":""},"categories":[50,2,103],"tags":[197,33,95,19],"class_list":["post-122426","post","type-post","status-publish","format-standard","has-post-thumbnail","hentry","category-destacadas","category-locales","category-policiales-locales","tag-buenos-aires","tag-locales","tag-policiales","tag-san-pedro"],"aioseo_notices":[],"gutentor_comment":0,"jetpack_featured_media_url":"https:\/\/eldiariodesanpedro.com.ar\/sitio\/wp-content\/uploads\/2023\/09\/fuego-en-local.jpg","jetpack_shortlink":"https:\/\/wp.me\/p6RhLt-vQC","jetpack_sharing_enabled":true,"_links":{"self":[{"href":"https:\/\/eldiariodesanpedro.com.ar\/sitio\/wp-json\/wp\/v2\/posts\/122426","targetHints":{"allow":["GET"]}}],"collection":[{"href":"https:\/\/eldiariodesanpedro.com.ar\/sitio\/wp-json\/wp\/v2\/posts"}],"about":[{"href":"https:\/\/eldiariodesanpedro.com.ar\/sitio\/wp-json\/wp\/v2\/types\/post"}],"author":[{"embeddable":true,"href":"https:\/\/eldiariodesanpedro.com.ar\/sitio\/wp-json\/wp\/v2\/users\/4"}],"replies":[{"embeddable":true,"href":"https:\/\/eldiariodesanpedro.com.ar\/sitio\/wp-json\/wp\/v2\/comments?post=122426"}],"version-history":[{"count":1,"href":"https:\/\/eldiariodesanpedro.com.ar\/sitio\/wp-json\/wp\/v2\/posts\/122426\/revisions"}],"predecessor-version":[{"id":122429,"href":"https:\/\/eldiariodesanpedro.com.ar\/sitio\/wp-json\/wp\/v2\/posts\/122426\/revisions\/122429"}],"wp:featuredmedia":[{"embeddable":true,"href":"https:\/\/eldiariodesanpedro.com.ar\/sitio\/wp-json\/wp\/v2\/media\/122428"}],"wp:attachment":[{"href":"https:\/\/eldiariodesanpedro.com.ar\/sitio\/wp-json\/wp\/v2\/media?parent=122426"}],"wp:term":[{"taxonomy":"category","embeddable":true,"href":"https:\/\/eldiariodesanpedro.com.ar\/sitio\/wp-json\/wp\/v2\/categories?post=122426"},{"taxonomy":"post_tag","embeddable":true,"href":"https:\/\/eldiariodesanpedro.com.ar\/sitio\/wp-json\/wp\/v2\/tags?post=122426"}],"curies":[{"name":"wp","href":"https:\/\/api.w.org\/{rel}","templated":true}]}}