{"id":122424,"date":"2023-09-19T12:50:25","date_gmt":"2023-09-19T15:50:25","guid":{"rendered":"https:\/\/eldiariodesanpedro.com.ar\/sitio\/?p=122424"},"modified":"2023-09-19T12:50:26","modified_gmt":"2023-09-19T15:50:26","slug":"lunes-25-sin-actividad-en-el-ccit-por-el-adelanto-del-dia-del-empleado-de-comercio","status":"publish","type":"post","link":"https:\/\/eldiariodesanpedro.com.ar\/sitio\/lunes-25-sin-actividad-en-el-ccit-por-el-adelanto-del-dia-del-empleado-de-comercio\/","title":{"rendered":"Lunes 25 sin actividad en el CCIT por el adelanto del D\u00eda del Empleado de Comercio"},"content":{"rendered":"<!-- VideographyWP Plugin Message: Automatic video embedding prevented by plugin options. -->\n\n<p>El Centro de Comercio, Industria y Turismo informa que ante el acuerdo alcanzado entre las partes el \u00abD\u00eda del Empleado de Comercio 2023\u00bb que se celebra anualmente cada 26 de septiembre ha sido trasladado para el lunes 25.&nbsp;&nbsp;Por tal motivo nuestra entidad no tendr\u00e1 atenci\u00f3n al p\u00fablico en esa jornada, reanudando la actividad el martes 26.<\/p>\n\n\n\n<p>Se recuerda que esta fecha y el acuerdo entre las c\u00e1maras empresarias y la Federaci\u00f3n de Empleados de Comercios y Servicios no afecta la apertura de los comercios cuando \u00e9stos sean atendidos por sus due\u00f1os o con empleados que acepten trabajar durante esa jornada.<\/p>\n\n\n\n<p>Los empleados mercantiles tendr\u00e1n la opci\u00f3n de prestar o no servicios laborales durante el lunes 25, con todos los efectos y alcances de la mencionada Ley, que asimila dicha conmemoraci\u00f3n a los feriados nacionales.<\/p>\n","protected":false},"excerpt":{"rendered":"<p>El Centro de Comercio, Industria y Turismo informa que ante el acuerdo alcanzado entre las partes el \u00abD\u00eda del Empleado de Comercio 2023\u00bb que se celebra anualmente cada 26 de septiembre ha sido trasladado para el lunes 25.&nbsp;&nbsp;Por tal motivo nuestra entidad no tendr\u00e1 atenci\u00f3n al p\u00fablico en esa jornada, reanudando la actividad el martes [&hellip;]<\/p>\n","protected":false},"author":4,"featured_media":75288,"comment_status":"closed","ping_status":"closed","sticky":false,"template":"","format":"standard","meta":{"om_disable_all_campaigns":false,"_jetpack_memberships_contains_paid_content":false,"footnotes":""},"categories":[101,2],"tags":[197,696,33,19],"class_list":["post-122424","post","type-post","status-publish","format-standard","has-post-thumbnail","hentry","category-interes-general-locales","category-locales","tag-buenos-aires","tag-interes-general","tag-locales","tag-san-pedro"],"aioseo_notices":[],"gutentor_comment":0,"jetpack_featured_media_url":"https:\/\/eldiariodesanpedro.com.ar\/sitio\/wp-content\/uploads\/2020\/06\/centro_0.jpg","jetpack_shortlink":"https:\/\/wp.me\/p6RhLt-vQA","jetpack_sharing_enabled":true,"_links":{"self":[{"href":"https:\/\/eldiariodesanpedro.com.ar\/sitio\/wp-json\/wp\/v2\/posts\/122424","targetHints":{"allow":["GET"]}}],"collection":[{"href":"https:\/\/eldiariodesanpedro.com.ar\/sitio\/wp-json\/wp\/v2\/posts"}],"about":[{"href":"https:\/\/eldiariodesanpedro.com.ar\/sitio\/wp-json\/wp\/v2\/types\/post"}],"author":[{"embeddable":true,"href":"https:\/\/eldiariodesanpedro.com.ar\/sitio\/wp-json\/wp\/v2\/users\/4"}],"replies":[{"embeddable":true,"href":"https:\/\/eldiariodesanpedro.com.ar\/sitio\/wp-json\/wp\/v2\/comments?post=122424"}],"version-history":[{"count":1,"href":"https:\/\/eldiariodesanpedro.com.ar\/sitio\/wp-json\/wp\/v2\/posts\/122424\/revisions"}],"predecessor-version":[{"id":122425,"href":"https:\/\/eldiariodesanpedro.com.ar\/sitio\/wp-json\/wp\/v2\/posts\/122424\/revisions\/122425"}],"wp:featuredmedia":[{"embeddable":true,"href":"https:\/\/eldiariodesanpedro.com.ar\/sitio\/wp-json\/wp\/v2\/media\/75288"}],"wp:attachment":[{"href":"https:\/\/eldiariodesanpedro.com.ar\/sitio\/wp-json\/wp\/v2\/media?parent=122424"}],"wp:term":[{"taxonomy":"category","embeddable":true,"href":"https:\/\/eldiariodesanpedro.com.ar\/sitio\/wp-json\/wp\/v2\/categories?post=122424"},{"taxonomy":"post_tag","embeddable":true,"href":"https:\/\/eldiariodesanpedro.com.ar\/sitio\/wp-json\/wp\/v2\/tags?post=122424"}],"curies":[{"name":"wp","href":"https:\/\/api.w.org\/{rel}","templated":true}]}}