{"id":122421,"date":"2023-09-19T12:42:48","date_gmt":"2023-09-19T15:42:48","guid":{"rendered":"https:\/\/eldiariodesanpedro.com.ar\/sitio\/?p=122421"},"modified":"2023-09-19T12:42:50","modified_gmt":"2023-09-19T15:42:50","slug":"nueva-comision-de-fomento-en-el-barrio-la-amistad","status":"publish","type":"post","link":"https:\/\/eldiariodesanpedro.com.ar\/sitio\/nueva-comision-de-fomento-en-el-barrio-la-amistad\/","title":{"rendered":"Nueva Comisi\u00f3n de Fomento en el barrio La Amistad"},"content":{"rendered":"<!-- VideographyWP Plugin Message: Automatic video embedding prevented by plugin options. -->\n\n<p>La Direcci\u00f3n de Comisiones de Fomento informa que se desarroll\u00f3 este lunes la confirmaci\u00f3n de la Comisi\u00f3n de Fomento en el barrio La Amistad que qued\u00f3 compuesta por los siguientes miembros:<\/p>\n\n\n\n<p>Presidente: Rita L\u00f3pez<br>Vice: Natalia Paz<br>Secretaria: Roxana Del Pardo<br>Prosecretario: Leonela Olivera<br>Tesorero: Luciana Batalla<br>Protesorero: Ra\u00fal Altolaguirre<br>Vocales: Gabriela Bertolini, Daniel Albanese, Maria Colicinio y Karina Del Pardo<\/p>\n\n\n\n<p>La Direcci\u00f3n continuar\u00e1 apoyando a los grupos existentes y motivando a los barrios que a\u00fan no han conformado sus comisiones a hacerlo, planificando reuniones en otros barrios de la ciudad para mantener una comunicaci\u00f3n cercana con los vecinos y estimulando las comisiones existentes o reactivando las comisiones&nbsp;en&nbsp;desuso.<\/p>\n","protected":false},"excerpt":{"rendered":"<p>La Direcci\u00f3n de Comisiones de Fomento informa que se desarroll\u00f3 este lunes la confirmaci\u00f3n de la Comisi\u00f3n de Fomento en el barrio La Amistad que qued\u00f3 compuesta por los siguientes miembros: Presidente: Rita L\u00f3pezVice: Natalia PazSecretaria: Roxana Del PardoProsecretario: Leonela OliveraTesorero: Luciana BatallaProtesorero: Ra\u00fal AltolaguirreVocales: Gabriela Bertolini, Daniel Albanese, Maria Colicinio y Karina Del Pardo [&hellip;]<\/p>\n","protected":false},"author":4,"featured_media":122422,"comment_status":"closed","ping_status":"closed","sticky":false,"template":"","format":"standard","meta":{"om_disable_all_campaigns":false,"_jetpack_memberships_contains_paid_content":false,"footnotes":""},"categories":[101,2],"tags":[197,696,33,19],"class_list":["post-122421","post","type-post","status-publish","format-standard","has-post-thumbnail","hentry","category-interes-general-locales","category-locales","tag-buenos-aires","tag-interes-general","tag-locales","tag-san-pedro"],"aioseo_notices":[],"gutentor_comment":0,"jetpack_featured_media_url":"https:\/\/eldiariodesanpedro.com.ar\/sitio\/wp-content\/uploads\/2023\/09\/medida-12.png","jetpack_shortlink":"https:\/\/wp.me\/p6RhLt-vQx","jetpack_sharing_enabled":true,"_links":{"self":[{"href":"https:\/\/eldiariodesanpedro.com.ar\/sitio\/wp-json\/wp\/v2\/posts\/122421","targetHints":{"allow":["GET"]}}],"collection":[{"href":"https:\/\/eldiariodesanpedro.com.ar\/sitio\/wp-json\/wp\/v2\/posts"}],"about":[{"href":"https:\/\/eldiariodesanpedro.com.ar\/sitio\/wp-json\/wp\/v2\/types\/post"}],"author":[{"embeddable":true,"href":"https:\/\/eldiariodesanpedro.com.ar\/sitio\/wp-json\/wp\/v2\/users\/4"}],"replies":[{"embeddable":true,"href":"https:\/\/eldiariodesanpedro.com.ar\/sitio\/wp-json\/wp\/v2\/comments?post=122421"}],"version-history":[{"count":1,"href":"https:\/\/eldiariodesanpedro.com.ar\/sitio\/wp-json\/wp\/v2\/posts\/122421\/revisions"}],"predecessor-version":[{"id":122423,"href":"https:\/\/eldiariodesanpedro.com.ar\/sitio\/wp-json\/wp\/v2\/posts\/122421\/revisions\/122423"}],"wp:featuredmedia":[{"embeddable":true,"href":"https:\/\/eldiariodesanpedro.com.ar\/sitio\/wp-json\/wp\/v2\/media\/122422"}],"wp:attachment":[{"href":"https:\/\/eldiariodesanpedro.com.ar\/sitio\/wp-json\/wp\/v2\/media?parent=122421"}],"wp:term":[{"taxonomy":"category","embeddable":true,"href":"https:\/\/eldiariodesanpedro.com.ar\/sitio\/wp-json\/wp\/v2\/categories?post=122421"},{"taxonomy":"post_tag","embeddable":true,"href":"https:\/\/eldiariodesanpedro.com.ar\/sitio\/wp-json\/wp\/v2\/tags?post=122421"}],"curies":[{"name":"wp","href":"https:\/\/api.w.org\/{rel}","templated":true}]}}