{"id":12239,"date":"2017-01-04T19:43:27","date_gmt":"2017-01-04T22:43:27","guid":{"rendered":"https:\/\/eldiariodesanpedro.com.ar\/sitio\/?p=12239"},"modified":"2017-01-04T19:43:27","modified_gmt":"2017-01-04T22:43:27","slug":"brasil-gobierno-local-sabia-de-planes-de-fuga-en-carcel-afirmo-ministro","status":"publish","type":"post","link":"https:\/\/eldiariodesanpedro.com.ar\/sitio\/brasil-gobierno-local-sabia-de-planes-de-fuga-en-carcel-afirmo-ministro\/","title":{"rendered":"BRASIL: Gobierno local sab\u00eda de planes de fuga en c\u00e1rcel, afirm\u00f3 ministro"},"content":{"rendered":"<p><!-- VideographyWP Plugin Message: Automatic video embedding prevented by plugin options. --><br \/>\n(NA) &#8211; Las autoridades del Estado de Amazonas, en el norte de Brasil, ya hab\u00edan sido alertadas de una posible fuga en la prisi\u00f3n donde 56 reclusos fueron brutalmente asesinados y unos 184 escaparon, afirm\u00f3 este mi\u00e9rcoles el ministro de Justicia, Alexandre de Moraes. <\/p>\n<p>   \u00abHab\u00eda un plan de fuga. Entonces es necesario investigar si en realidad toda la confusi\u00f3n y las muertes ocurrieron para que los l\u00edderes (de una facci\u00f3n criminal que opera dentro de la c\u00e1rcel) pudieran escapar o no\u00bb, afirm\u00f3 en rueda de prensa desde Brasilia.<\/p>\n<p>   Alertado sobre la posibilidad de fuga, el gobierno local reforz\u00f3 la seguridad, pero no notific\u00f3 a las autoridades federales sobre esos planes, aunque tampoco ten\u00eda la obligaci\u00f3n de hacerlo, precis\u00f3 Moraes. <\/p>\n<p>   La polic\u00eda investiga la masacre como una \u00abvenganza\u00bb entre facciones rivales que se disputan el control del narcotr\u00e1fico en la estrat\u00e9gica regi\u00f3n de Amazonas, pr\u00f3xima a Colombia, Per\u00fa y Bolivia: el Primer Comando de la Capital (PCC), originario de Sao Paulo, y el grupo local Familia del Norte (FDN), que habr\u00eda tomado revancha contra el primer grupo. <\/p>\n<p>   El martes por la noche, 36 cuerpos hab\u00edan sido identificados en un proceso que podr\u00eda demorar semanas en completarse debido a la brutalidad de los asesinatos. La mitad de los fallecidos fueron decapitados, seg\u00fan la polic\u00eda cient\u00edfica. <\/p>\n<p>   El gobierno del estado de Amazonas report\u00f3 la fuga de 112 presos del Complejo Penitenciario Anisio Jobim (Compaj) -donde estall\u00f3 el mot\u00edn entre el domingo y el lunes- y de 72 internos del Instituto Penal Antonio Trindade (Ipat), una unidad de detenci\u00f3n preventiva dentro del mismo recinto, en la periferia de la capital estatal, Manaos. <\/p>\n<p>   Seg\u00fan las \u00faltimas informaciones, 58 de estos 184 fugitivos fueron recapturados.<br \/>\n   Un vasto dispositivo de b\u00fasqueda fue montado en la regi\u00f3n, con agentes bloqueando las principales v\u00edas de acceso a las prisiones.<\/p>\n<p>   El mot\u00edn fue contenido 15 horas despu\u00e9s, cuando ya se hab\u00eda convertido en la mayor matanza cometida en una prisi\u00f3n de la Amazon\u00eda. <\/p>\n<p>   Es, adem\u00e1s, la peor masacre en una prisi\u00f3n brasile\u00f1a desde la del presidio de Carandir\u00fa, en 1992 en Sao Paulo, cuando una operaci\u00f3n policial para controlar un mot\u00edn acab\u00f3 con 111 presos muertos.<\/p>\n","protected":false},"excerpt":{"rendered":"<p>(NA) &#8211; Las autoridades del Estado de Amazonas, en el norte de Brasil, ya hab\u00edan sido alertadas de una posible fuga en la prisi\u00f3n donde 56 reclusos fueron brutalmente asesinados y unos 184 escaparon, afirm\u00f3 este mi\u00e9rcoles el ministro de Justicia, Alexandre de Moraes. \u00abHab\u00eda un plan de fuga. Entonces es necesario investigar si en [&hellip;]<\/p>\n","protected":false},"author":4,"featured_media":12240,"comment_status":"open","ping_status":"closed","sticky":false,"template":"","format":"standard","meta":{"om_disable_all_campaigns":false,"_jetpack_memberships_contains_paid_content":false,"footnotes":""},"categories":[2],"tags":[],"class_list":["post-12239","post","type-post","status-publish","format-standard","has-post-thumbnail","hentry","category-locales"],"aioseo_notices":[],"gutentor_comment":0,"jetpack_featured_media_url":"https:\/\/eldiariodesanpedro.com.ar\/sitio\/wp-content\/uploads\/2017\/01\/Brasil.jpg","jetpack_shortlink":"https:\/\/wp.me\/p6RhLt-3bp","jetpack_sharing_enabled":true,"_links":{"self":[{"href":"https:\/\/eldiariodesanpedro.com.ar\/sitio\/wp-json\/wp\/v2\/posts\/12239","targetHints":{"allow":["GET"]}}],"collection":[{"href":"https:\/\/eldiariodesanpedro.com.ar\/sitio\/wp-json\/wp\/v2\/posts"}],"about":[{"href":"https:\/\/eldiariodesanpedro.com.ar\/sitio\/wp-json\/wp\/v2\/types\/post"}],"author":[{"embeddable":true,"href":"https:\/\/eldiariodesanpedro.com.ar\/sitio\/wp-json\/wp\/v2\/users\/4"}],"replies":[{"embeddable":true,"href":"https:\/\/eldiariodesanpedro.com.ar\/sitio\/wp-json\/wp\/v2\/comments?post=12239"}],"version-history":[{"count":2,"href":"https:\/\/eldiariodesanpedro.com.ar\/sitio\/wp-json\/wp\/v2\/posts\/12239\/revisions"}],"predecessor-version":[{"id":12242,"href":"https:\/\/eldiariodesanpedro.com.ar\/sitio\/wp-json\/wp\/v2\/posts\/12239\/revisions\/12242"}],"wp:featuredmedia":[{"embeddable":true,"href":"https:\/\/eldiariodesanpedro.com.ar\/sitio\/wp-json\/wp\/v2\/media\/12240"}],"wp:attachment":[{"href":"https:\/\/eldiariodesanpedro.com.ar\/sitio\/wp-json\/wp\/v2\/media?parent=12239"}],"wp:term":[{"taxonomy":"category","embeddable":true,"href":"https:\/\/eldiariodesanpedro.com.ar\/sitio\/wp-json\/wp\/v2\/categories?post=12239"},{"taxonomy":"post_tag","embeddable":true,"href":"https:\/\/eldiariodesanpedro.com.ar\/sitio\/wp-json\/wp\/v2\/tags?post=12239"}],"curies":[{"name":"wp","href":"https:\/\/api.w.org\/{rel}","templated":true}]}}