{"id":122380,"date":"2023-09-16T12:41:35","date_gmt":"2023-09-16T15:41:35","guid":{"rendered":"https:\/\/eldiariodesanpedro.com.ar\/sitio\/?p=122380"},"modified":"2023-09-16T12:41:37","modified_gmt":"2023-09-16T15:41:37","slug":"conductor-totalmente-alcoholizada-colisiono-contra-conos-de-seguridad-en-la-zona-costera","status":"publish","type":"post","link":"https:\/\/eldiariodesanpedro.com.ar\/sitio\/conductor-totalmente-alcoholizada-colisiono-contra-conos-de-seguridad-en-la-zona-costera\/","title":{"rendered":"Conductor totalmente alcoholizada colisiono contra conos de seguridad en la zona costera"},"content":{"rendered":"<!-- VideographyWP Plugin Message: Automatic video embedding prevented by plugin options. -->\n\n<p>En las primeras horas de este s\u00e1bado ocurri\u00f3 un siniestro de transito donde una persona totalmente alcoholizada rompi\u00f3 varios conos de defensas cuando conduc\u00eda una camioneta.<\/p>\n\n\n\n<p>El siniestro ocurri\u00f3 esta ma\u00f1ana alrededor de las 7 hs, cuando un sujeto de 43 a\u00f1os de edad que conduc\u00eda una camioneta F100 en estado de ebriedad colisiono contra unos conos de seguridad que se encuentra en la esquina de 11 de Septiembre y San Lorenzo.<\/p>\n\n\n\n<p>En el lugar se hicieron presentes m\u00f3viles de la polic\u00eda e inspecci\u00f3n de la municipalidad, al sujeto se le realizo el test de alcoholemia que dio 0,76 mil\u00edmetro de alcohol en sangre.<\/p>\n\n\n\n<p>Seg\u00fan lo que declaro el infractor que ven\u00eda de un local bailable que se encuentra en la zona costera.<\/p>\n","protected":false},"excerpt":{"rendered":"<p>En las primeras horas de este s\u00e1bado ocurri\u00f3 un siniestro de transito donde una persona totalmente alcoholizada rompi\u00f3 varios conos de defensas cuando conduc\u00eda una camioneta. El siniestro ocurri\u00f3 esta ma\u00f1ana alrededor de las 7 hs, cuando un sujeto de 43 a\u00f1os de edad que conduc\u00eda una camioneta F100 en estado de ebriedad colisiono contra [&hellip;]<\/p>\n","protected":false},"author":4,"featured_media":122381,"comment_status":"closed","ping_status":"closed","sticky":false,"template":"","format":"standard","meta":{"om_disable_all_campaigns":false,"_jetpack_memberships_contains_paid_content":false,"footnotes":""},"categories":[50,2,103],"tags":[197,33,95,19],"class_list":["post-122380","post","type-post","status-publish","format-standard","has-post-thumbnail","hentry","category-destacadas","category-locales","category-policiales-locales","tag-buenos-aires","tag-locales","tag-policiales","tag-san-pedro"],"aioseo_notices":[],"gutentor_comment":0,"jetpack_featured_media_url":"https:\/\/eldiariodesanpedro.com.ar\/sitio\/wp-content\/uploads\/2023\/09\/medida-11.png","jetpack_shortlink":"https:\/\/wp.me\/p6RhLt-vPS","jetpack_sharing_enabled":true,"_links":{"self":[{"href":"https:\/\/eldiariodesanpedro.com.ar\/sitio\/wp-json\/wp\/v2\/posts\/122380","targetHints":{"allow":["GET"]}}],"collection":[{"href":"https:\/\/eldiariodesanpedro.com.ar\/sitio\/wp-json\/wp\/v2\/posts"}],"about":[{"href":"https:\/\/eldiariodesanpedro.com.ar\/sitio\/wp-json\/wp\/v2\/types\/post"}],"author":[{"embeddable":true,"href":"https:\/\/eldiariodesanpedro.com.ar\/sitio\/wp-json\/wp\/v2\/users\/4"}],"replies":[{"embeddable":true,"href":"https:\/\/eldiariodesanpedro.com.ar\/sitio\/wp-json\/wp\/v2\/comments?post=122380"}],"version-history":[{"count":1,"href":"https:\/\/eldiariodesanpedro.com.ar\/sitio\/wp-json\/wp\/v2\/posts\/122380\/revisions"}],"predecessor-version":[{"id":122382,"href":"https:\/\/eldiariodesanpedro.com.ar\/sitio\/wp-json\/wp\/v2\/posts\/122380\/revisions\/122382"}],"wp:featuredmedia":[{"embeddable":true,"href":"https:\/\/eldiariodesanpedro.com.ar\/sitio\/wp-json\/wp\/v2\/media\/122381"}],"wp:attachment":[{"href":"https:\/\/eldiariodesanpedro.com.ar\/sitio\/wp-json\/wp\/v2\/media?parent=122380"}],"wp:term":[{"taxonomy":"category","embeddable":true,"href":"https:\/\/eldiariodesanpedro.com.ar\/sitio\/wp-json\/wp\/v2\/categories?post=122380"},{"taxonomy":"post_tag","embeddable":true,"href":"https:\/\/eldiariodesanpedro.com.ar\/sitio\/wp-json\/wp\/v2\/tags?post=122380"}],"curies":[{"name":"wp","href":"https:\/\/api.w.org\/{rel}","templated":true}]}}